{"id":961,"date":"2021-04-22T14:07:07","date_gmt":"2021-04-22T12:07:07","guid":{"rendered":"http:\/\/pcf08.com\/?p=961"},"modified":"2021-04-22T14:07:07","modified_gmt":"2021-04-22T12:07:07","slug":"vous-avez-dit-pas-de-profit-sur-la-pandemie","status":"publish","type":"post","link":"https:\/\/pcf08.com\/index.php\/2021\/04\/22\/vous-avez-dit-pas-de-profit-sur-la-pandemie\/","title":{"rendered":"Vous avez dit \u00ab\u00a0Pas de profit sur la pand\u00e9mie\u00a0\u00bb\u00a0!"},"content":{"rendered":"<p><img loading=\"lazy\" decoding=\"async\" class=\"size-medium wp-image-962 alignleft\" src=\"https:\/\/pcf08.com\/wp-content\/uploads\/2021\/04\/pas-de-profit-sur-la-pandemie-300x300.jpg\" alt=\"\" width=\"300\" height=\"300\" srcset=\"https:\/\/pcf08.com\/wp-content\/uploads\/2021\/04\/pas-de-profit-sur-la-pandemie-300x300.jpg 300w, https:\/\/pcf08.com\/wp-content\/uploads\/2021\/04\/pas-de-profit-sur-la-pandemie-150x150.jpg 150w, https:\/\/pcf08.com\/wp-content\/uploads\/2021\/04\/pas-de-profit-sur-la-pandemie.jpg 380w\" sizes=\"(max-width: 300px) 100vw, 300px\" \/>Il s\u2019agit l\u00e0 d\u2019une revendication partag\u00e9e par le plus grand nombre, \u00e9thique, n\u00e9cessaire m\u00eame d\u2019un strict point de vue sanitaire\u00a0: le virus traverse les fronti\u00e8res et les oc\u00e9ans.<br \/>\nLa semaine derni\u00e8re, on apprenait que le PDG de Moderna rentrait dans le club ferm\u00e9 des plus grandes fortunes de France.<br \/>\nEt cette semaine ce sont le projets de Pfizer qui sont d\u00e9voil\u00e9s, gr\u00e2ce \u00e0 Fabien Roussel, secr\u00e9taire national du PCF\u00a0: dans une note interne au laboratoire celui-ci annonce vouloir augmenter progressivement le prix du vaccin qui pourrait aller jusqu\u2019\u00e0 150\u20ac la dose, alors que sa production revient \u00e0 2 \u00e0 3\u20ac. Les premiers vaccins ont \u00e9t\u00e9 vendus \u00e0 l\u2019Europe 12 \u20ac, puis 15 et les n\u00e9gociations en cours font \u00e9tat de pr\u00e8s de 20 \u20ac.<br \/>\nEt que Pfizer ne justifie pas par les frais de recherche\u00a0! Le rapport financier annuel de BioNTech (qui a mis au point ce vaccin) fait \u00e9tat de d\u00e9penses entre 400 et 500 millions d\u2019euros. La banque europ\u00e9enne d\u2019investissement et l\u2019Allemagne ont apport\u00e9 450 millions d\u2019argent public \u00e0 cette recherche\u00a0!<br \/>\nD\u2019ailleurs Pfizer ne d\u00e9ment pas les propos de Fabien Roussel et pr\u00e9f\u00e8re se racheter une conduite en annon\u00e7ant les vendre au prix co\u00fbtant aux pays les plus pauvres. Mais pour l\u2019instant, il ne s\u2019agit que de 40 millions de doses pour 92 pays, une aum\u00f4ne.<br \/>\nLes b\u00e9n\u00e9fices de Pfizer sont \u00e9valu\u00e9s entre 5 et 10 milliards d\u2019euros pour 2021.<br \/>\nComme l\u2019a \u00e9crit Fabien Roussel au pr\u00e9sident de la R\u00e9publique, il y a urgence \u00e0 ce que la France fasse entendre sa voix pour obtenir la lev\u00e9e des brevets. En attendant qu\u2019E. Macron revienne \u00e0 la raison et participe \u00e0 la mobilisation internationale qui monte, comme avec l\u2019appel r\u00e9cent de 150 anciens chefs d\u2019\u00e9tat et prix Nobel, les citoyens peuvent le faire en signant l\u2019Initiative Citoyenne Europ\u00e9enne \u00ab\u00a0Pas de Profits sur la pand\u00e9mie\u00a0\u00bb https:\/\/noprofitonpandemic.eu\/fr\/<br \/>\nIl faut lever les brevets mais aussi d\u00e9velopper la production\u00a0: arr\u00eatons de dire que c\u2019est impossible. Moderna a cr\u00e9\u00e9 une usine de toute pi\u00e8ce au Massachussetts sur une friche de Polaroid. La lev\u00e9e des brevets doit s\u2019accompagner des transferts de technologies et la France pourrait cr\u00e9er un p\u00f4le public du m\u00e9dicament, investir, former des salari\u00e9s \u2026. C\u2019est seulement une question de volont\u00e9 politique\u00a0!<\/p>\n","protected":false},"excerpt":{"rendered":"<p>Il s\u2019agit l\u00e0 d\u2019une revendication partag\u00e9e par le plus grand nombre, \u00e9thique, n\u00e9cessaire m\u00eame d\u2019un strict point de vue sanitaire\u00a0: le virus traverse les fronti\u00e8res et les oc\u00e9ans. La semaine derni\u00e8re, on apprenait que le PDG de Moderna rentrait dans le club ferm\u00e9 des plus grandes fortunes de France. Et cette semaine ce sont le [&hellip;]<\/p>\n","protected":false},"author":4,"featured_media":0,"comment_status":"closed","ping_status":"open","sticky":false,"template":"","format":"standard","meta":{"saved_in_kubio":false,"footnotes":""},"categories":[1],"tags":[],"class_list":["post-961","post","type-post","status-publish","format-standard","hentry","category-non-classe"],"_links":{"self":[{"href":"https:\/\/pcf08.com\/index.php\/wp-json\/wp\/v2\/posts\/961","targetHints":{"allow":["GET"]}}],"collection":[{"href":"https:\/\/pcf08.com\/index.php\/wp-json\/wp\/v2\/posts"}],"about":[{"href":"https:\/\/pcf08.com\/index.php\/wp-json\/wp\/v2\/types\/post"}],"author":[{"embeddable":true,"href":"https:\/\/pcf08.com\/index.php\/wp-json\/wp\/v2\/users\/4"}],"replies":[{"embeddable":true,"href":"https:\/\/pcf08.com\/index.php\/wp-json\/wp\/v2\/comments?post=961"}],"version-history":[{"count":1,"href":"https:\/\/pcf08.com\/index.php\/wp-json\/wp\/v2\/posts\/961\/revisions"}],"predecessor-version":[{"id":963,"href":"https:\/\/pcf08.com\/index.php\/wp-json\/wp\/v2\/posts\/961\/revisions\/963"}],"wp:attachment":[{"href":"https:\/\/pcf08.com\/index.php\/wp-json\/wp\/v2\/media?parent=961"}],"wp:term":[{"taxonomy":"category","embeddable":true,"href":"https:\/\/pcf08.com\/index.php\/wp-json\/wp\/v2\/categories?post=961"},{"taxonomy":"post_tag","embeddable":true,"href":"https:\/\/pcf08.com\/index.php\/wp-json\/wp\/v2\/tags?post=961"}],"curies":[{"name":"wp","href":"https:\/\/api.w.org\/{rel}","templated":true}]}}