{"id":951,"date":"2021-04-15T14:33:04","date_gmt":"2021-04-15T12:33:04","guid":{"rendered":"http:\/\/pcf08.com\/?p=951"},"modified":"2021-04-15T14:33:04","modified_gmt":"2021-04-15T12:33:04","slug":"elections-departementales-dans-lagglomeration-de-charleville-mezieres-la-gauche-rassemblee-pour-gagner-le-changement","status":"publish","type":"post","link":"https:\/\/pcf08.com\/index.php\/2021\/04\/15\/elections-departementales-dans-lagglomeration-de-charleville-mezieres-la-gauche-rassemblee-pour-gagner-le-changement\/","title":{"rendered":"\u00c9lections d\u00e9partementales dans l\u2019agglom\u00e9ration de Charleville-M\u00e9zi\u00e8res : la gauche rassembl\u00e9e pour gagner le changement\u00a0!"},"content":{"rendered":"<p align=\"justify\"><img loading=\"lazy\" decoding=\"async\" class=\"size-medium wp-image-952 alignleft\" src=\"https:\/\/pcf08.com\/wp-content\/uploads\/2021\/04\/confdepresse-300x225.jpg\" alt=\"\" width=\"300\" height=\"225\" srcset=\"https:\/\/pcf08.com\/wp-content\/uploads\/2021\/04\/confdepresse-300x225.jpg 300w, https:\/\/pcf08.com\/wp-content\/uploads\/2021\/04\/confdepresse.jpg 720w\" sizes=\"(max-width: 300px) 100vw, 300px\" \/>Ce jeudi 15 avril, le PCF, le PS, G\u00e9n\u00e9ration S, EELV et la France Insoumise pr\u00e9sentaient le programme sur lequel ces organisations se sont accord\u00e9es en vue des \u00e9lections d\u00e9partementales dans les cantons de Charleville-M\u00e9zi\u00e8res. A la remorque de l\u2019agglom\u00e9ration ou de la r\u00e9gion, les \u00e9lus du conseil d\u00e9partemental n\u2019auront pas marqu\u00e9 les six ans de leur mandat\u00a0! On en entend plus parler pour le malaise de ses personnels que pour la combativit\u00e9 des \u00e9lus. Alors que d\u2019autres d\u00e9partements ont gagn\u00e9 en justice, vis \u00e0 vis de l\u2019\u00c9tat, pour la non compensation des d\u00e9penses li\u00e9es au RSA, le notre subit et le fait payer aux Ardennais.<\/p>\n<p align=\"justify\">Il y a urgence \u00e0 avoir d\u2019autres \u00e9lus, combatifs, au c\u00f4t\u00e9 de la population, d\u00e9fendant les services publics, prenant en compte l\u2019imp\u00e9ratif de plus de solidarit\u00e9. Les d\u00e9fis environnementaux n\u00e9cessitent, non pas quelques actions vertes, pour compenser les d\u00e9g\u00e2ts, mais bien que chaque d\u00e9cision du conseil d\u00e9partemental soit aussi analys\u00e9e \u00e0 la loupe des cons\u00e9quences \u00e9cologiques. Nos coll\u00e8ges ont besoin d\u2019\u00eatre modernis\u00e9s mais pas n\u2019importe comment et cela n\u00e9cessite donc une vraie consultation de la population. Il faudrait cr\u00e9er un service public d\u2019aide aux personnes \u00e2g\u00e9es en perte d\u2019autonomie. Si le d\u00e9veloppement \u00e9conomique n\u2019est plus une comp\u00e9tence d\u00e9partementale, le d\u00e9partement peut cependant agir, en soutenant les associations, et par ses interventions sur le logement, par exemple\u00a0: aider \u00e0 l\u2019isolation des logements cr\u00e9e de l\u2019emploi, est n\u00e9cessaire pour le climat, et contribue au confort des familles\u00a0!<\/p>\n<p align=\"justify\">Ce sont ces propositions et d\u2019autres que porteront les candidats de la gauche rassembl\u00e9e dans une d\u00e9marche citoyenne sur les quatre cantons de Charleville-M\u00e9zi\u00e8res.<\/p>\n<p align=\"justify\"><span style=\"font-family: Times New Roman, serif;\">Aux derni\u00e8res nouvelles, les \u00e9lections r\u00e9gionales et d\u00e9partementales auraient lieu les 20 et 27 juin \u2026 sauf nouveau changement\u00a0!<\/span><\/p>\n","protected":false},"excerpt":{"rendered":"<p>Ce jeudi 15 avril, le PCF, le PS, G\u00e9n\u00e9ration S, EELV et la France Insoumise pr\u00e9sentaient le programme sur lequel ces organisations se sont accord\u00e9es en vue des \u00e9lections d\u00e9partementales dans les cantons de Charleville-M\u00e9zi\u00e8res. A la remorque de l\u2019agglom\u00e9ration ou de la r\u00e9gion, les \u00e9lus du conseil d\u00e9partemental n\u2019auront pas marqu\u00e9 les six ans [&hellip;]<\/p>\n","protected":false},"author":2,"featured_media":0,"comment_status":"closed","ping_status":"open","sticky":false,"template":"","format":"standard","meta":{"saved_in_kubio":false,"footnotes":""},"categories":[1],"tags":[],"class_list":["post-951","post","type-post","status-publish","format-standard","hentry","category-non-classe"],"_links":{"self":[{"href":"https:\/\/pcf08.com\/index.php\/wp-json\/wp\/v2\/posts\/951","targetHints":{"allow":["GET"]}}],"collection":[{"href":"https:\/\/pcf08.com\/index.php\/wp-json\/wp\/v2\/posts"}],"about":[{"href":"https:\/\/pcf08.com\/index.php\/wp-json\/wp\/v2\/types\/post"}],"author":[{"embeddable":true,"href":"https:\/\/pcf08.com\/index.php\/wp-json\/wp\/v2\/users\/2"}],"replies":[{"embeddable":true,"href":"https:\/\/pcf08.com\/index.php\/wp-json\/wp\/v2\/comments?post=951"}],"version-history":[{"count":1,"href":"https:\/\/pcf08.com\/index.php\/wp-json\/wp\/v2\/posts\/951\/revisions"}],"predecessor-version":[{"id":953,"href":"https:\/\/pcf08.com\/index.php\/wp-json\/wp\/v2\/posts\/951\/revisions\/953"}],"wp:attachment":[{"href":"https:\/\/pcf08.com\/index.php\/wp-json\/wp\/v2\/media?parent=951"}],"wp:term":[{"taxonomy":"category","embeddable":true,"href":"https:\/\/pcf08.com\/index.php\/wp-json\/wp\/v2\/categories?post=951"},{"taxonomy":"post_tag","embeddable":true,"href":"https:\/\/pcf08.com\/index.php\/wp-json\/wp\/v2\/tags?post=951"}],"curies":[{"name":"wp","href":"https:\/\/api.w.org\/{rel}","templated":true}]}}