{"id":880,"date":"2021-03-18T14:47:05","date_gmt":"2021-03-18T13:47:05","guid":{"rendered":"http:\/\/pcf08.com\/?p=880"},"modified":"2021-03-18T14:47:05","modified_gmt":"2021-03-18T13:47:05","slug":"la-psychiatrie-publique-en-danger","status":"publish","type":"post","link":"https:\/\/pcf08.com\/index.php\/2021\/03\/18\/la-psychiatrie-publique-en-danger\/","title":{"rendered":"La psychiatrie publique en danger\u00a0!"},"content":{"rendered":"<p align=\"justify\"><img loading=\"lazy\" decoding=\"async\" class=\"size-medium wp-image-881 alignright\" src=\"https:\/\/pcf08.com\/wp-content\/uploads\/2021\/03\/SOS-H\u00f4p-200x300.jpg\" alt=\"\" width=\"200\" height=\"300\" srcset=\"https:\/\/pcf08.com\/wp-content\/uploads\/2021\/03\/SOS-H\u00f4p-200x300.jpg 200w, https:\/\/pcf08.com\/wp-content\/uploads\/2021\/03\/SOS-H\u00f4p.jpg 352w\" sizes=\"(max-width: 200px) 100vw, 200px\" \/>Alors que la COVID fragilise, multiplie le besoin de recours \u00e0 des soins en psychiatrie, l\u2019h\u00f4pital Belair et ses secteurs sont victimes des m\u00eames mesures d\u2019\u00e9conomie que l\u2019ensemble du service public hospitalier.<\/p>\n<p align=\"justify\">Mais pire\u00a0: il y a en 1<sup>\u00e8re<\/sup> ligne de l\u2019accueil de nos plus jeunes concitoyens, des goulots d\u2019engorgement de dizaines d\u2019enfants en attente de prises en charge adapt\u00e9es en hospitalisation de jour ou en accueil th\u00e9rapeutique \u00e0 temps partiel dans les CASPEA (centre d\u2019accueil et de soins pour enfants et adolescents) du d\u00e9partement contribuant \u00e0 l\u2019aggravation des pathologies. Ceci n\u2019est d\u00fb qu\u2019\u00e0 des strat\u00e9gies organisationnelles et manag\u00e9riales d\u00e9l\u00e9t\u00e8res venues d\u2019en haut et relay\u00e9es par une direction choisie. Nous en avons un exemple parlant avec les d\u00e9parts des personnels qui ne sont pas remplac\u00e9s, comme si on voulait r\u00e9duire \u00e0 peau de chagrin le service public. La logique capitaliste est l\u00e0 aussi et plus que jamais \u00e0 l\u2019\u0153uvre\u00a0: travailler toujours plus avec des moyens humains et mat\u00e9riels toujours plus maigres.<\/p>\n<p align=\"justify\">Alors qu\u2019il pourrait y avoir une v\u00e9ritable compl\u00e9mentarit\u00e9 entre les prises en charge des enfants entre Manchester, l\u2019h\u00f4pital de Sedan et Belair, les choix ne sont pas faits dans l\u2019int\u00e9r\u00eat des enfants, mais dans une course \u00e0 l\u2019occupation des lits ou autre statistique\u00a0!<\/p>\n<p align=\"justify\">Car la psychiatrie, comme tous les soins, doit faire preuve de \u00ab\u00a0rentabilit\u00e9\u00a0\u00bb, comme si la sant\u00e9 \u00e9tait une marchandise.<\/p>\n<p align=\"justify\">Inutile de dire que les personnels ne supportent pas le \u00ab\u00a0management\u00a0\u00bb tel qu\u2019il est fait, contraire \u00e0 une prise en charge humaine des patients, contraire \u00e0 leur \u00e9thique. Alors certains partent sur la pointe des pieds dans l\u2019indiff\u00e9rence de la direction, de l\u2019ARS (Agence R\u00e9gionale de Sant\u00e9) juste pour sauver ce qui reste de leur peau.<\/p>\n","protected":false},"excerpt":{"rendered":"<p>Alors que la COVID fragilise, multiplie le besoin de recours \u00e0 des soins en psychiatrie, l\u2019h\u00f4pital Belair et ses secteurs sont victimes des m\u00eames mesures d\u2019\u00e9conomie que l\u2019ensemble du service public hospitalier. Mais pire\u00a0: il y a en 1\u00e8re ligne de l\u2019accueil de nos plus jeunes concitoyens, des goulots d\u2019engorgement de dizaines d\u2019enfants en attente [&hellip;]<\/p>\n","protected":false},"author":4,"featured_media":0,"comment_status":"closed","ping_status":"open","sticky":false,"template":"","format":"standard","meta":{"saved_in_kubio":false,"footnotes":""},"categories":[1],"tags":[],"class_list":["post-880","post","type-post","status-publish","format-standard","hentry","category-non-classe"],"_links":{"self":[{"href":"https:\/\/pcf08.com\/index.php\/wp-json\/wp\/v2\/posts\/880","targetHints":{"allow":["GET"]}}],"collection":[{"href":"https:\/\/pcf08.com\/index.php\/wp-json\/wp\/v2\/posts"}],"about":[{"href":"https:\/\/pcf08.com\/index.php\/wp-json\/wp\/v2\/types\/post"}],"author":[{"embeddable":true,"href":"https:\/\/pcf08.com\/index.php\/wp-json\/wp\/v2\/users\/4"}],"replies":[{"embeddable":true,"href":"https:\/\/pcf08.com\/index.php\/wp-json\/wp\/v2\/comments?post=880"}],"version-history":[{"count":1,"href":"https:\/\/pcf08.com\/index.php\/wp-json\/wp\/v2\/posts\/880\/revisions"}],"predecessor-version":[{"id":882,"href":"https:\/\/pcf08.com\/index.php\/wp-json\/wp\/v2\/posts\/880\/revisions\/882"}],"wp:attachment":[{"href":"https:\/\/pcf08.com\/index.php\/wp-json\/wp\/v2\/media?parent=880"}],"wp:term":[{"taxonomy":"category","embeddable":true,"href":"https:\/\/pcf08.com\/index.php\/wp-json\/wp\/v2\/categories?post=880"},{"taxonomy":"post_tag","embeddable":true,"href":"https:\/\/pcf08.com\/index.php\/wp-json\/wp\/v2\/tags?post=880"}],"curies":[{"name":"wp","href":"https:\/\/api.w.org\/{rel}","templated":true}]}}