{"id":877,"date":"2021-03-18T14:45:17","date_gmt":"2021-03-18T13:45:17","guid":{"rendered":"http:\/\/pcf08.com\/?p=877"},"modified":"2021-03-18T14:45:17","modified_gmt":"2021-03-18T13:45:17","slug":"gratuite-des-bus-une-de-nos-exigences-depuis-plusieurs-annees","status":"publish","type":"post","link":"https:\/\/pcf08.com\/index.php\/2021\/03\/18\/gratuite-des-bus-une-de-nos-exigences-depuis-plusieurs-annees\/","title":{"rendered":"Gratuit\u00e9 des bus\u00a0: une de  nos exigences depuis plusieurs ann\u00e9es"},"content":{"rendered":"<p align=\"justify\"><span style=\"font-size: medium;\"><img loading=\"lazy\" decoding=\"async\" class=\"size-full wp-image-878 alignleft\" src=\"https:\/\/pcf08.com\/wp-content\/uploads\/2021\/03\/Gratuite-logo.jpg\" alt=\"\" width=\"300\" height=\"209\" \/>Suite \u00e0 un incident, les habitants d&rsquo;Ardenne M\u00e9tropole peuvent b\u00e9n\u00e9ficier des bus gratuits.<\/span><\/p>\n<p align=\"justify\"><span style=\"font-size: medium;\">Ils en sont tous tr\u00e8s heureux\u00a0!<\/span><\/p>\n<p align=\"justify\"><span style=\"font-size: medium;\">Le maire de Charleville-M\u00e9zi\u00e8res et pr\u00e9sident d&rsquo;Ardenne M\u00e9tropole serait bien inspir\u00e9 de profiter de cette exp\u00e9rience pour p\u00e9renniser cette mesure dans le temps\u00a0!<\/span><\/p>\n<p align=\"justify\"><span style=\"font-size: medium;\">Diff\u00e9rentes m\u00e9tropoles ont fait ce choix et appliquent la gratuit\u00e9 de ce transport en commun.<\/span><\/p>\n<p align=\"justify\"><span style=\"font-size: medium;\">Nous le r\u00e9p\u00e9tons\u00a0:<\/span><\/p>\n<p align=\"justify\"><span style=\"font-size: medium;\">c&rsquo;est bon pour le pouvoir d&rsquo;achat<\/span><\/p>\n<p align=\"justify\"><span style=\"font-size: medium;\">c&rsquo;est bon pour le d\u00e9senclavement des quartiers et l&rsquo;exclusion sociale<\/span><\/p>\n<p align=\"justify\"><span style=\"font-size: medium;\">c&rsquo;est bon pour la s\u00e9curit\u00e9 des chauffeurs<\/span><\/p>\n<p align=\"justify\"><span style=\"font-size: medium;\">c&rsquo;est bon pour la plan\u00e8te<\/span><\/p>\n<p align=\"justify\"><span style=\"font-size: medium;\">Et, contrairement \u00e0 nos d\u00e9tracteurs, il est possible de financer cette gratuit\u00e9 sans augmenter les imp\u00f4ts des habitants.<\/span><\/p>\n<p align=\"justify\"><span style=\"font-size: medium;\">Il suffit d&rsquo;avoir le courage politique d&rsquo;augmenter la taxe versement transport pay\u00e9e par les entreprises de plus de 11 salari\u00e9s en la passant de 0,8% (soit une des plus basse de France) \u00e0 1%.<\/span><\/p>\n<p align=\"justify\"><span style=\"font-size: medium;\">Au vu de l&rsquo;urgence climatique, les chefs d\u00a0&lsquo;entreprises ne seront sans nul doute pas oppos\u00e9s \u00e0 participer \u00e0 cet effort contribuant \u00e0 r\u00e9duire la pollution de l&rsquo;air, lutter contre le bruit et la congestion du trafic en ville.<\/span><\/p>\n<p align=\"justify\"><span style=\"font-size: medium;\"><b>Monsieur le maire et pr\u00e9sident, \u00e0 vous de jouer, transformez l&rsquo;essai\u00a0!<\/b><\/span><\/p>\n<p align=\"right\"><span style=\"font-size: medium;\"><i><b>Corine Postal<\/b><\/i><\/span><\/p>\n","protected":false},"excerpt":{"rendered":"<p>Suite \u00e0 un incident, les habitants d&rsquo;Ardenne M\u00e9tropole peuvent b\u00e9n\u00e9ficier des bus gratuits. Ils en sont tous tr\u00e8s heureux\u00a0! Le maire de Charleville-M\u00e9zi\u00e8res et pr\u00e9sident d&rsquo;Ardenne M\u00e9tropole serait bien inspir\u00e9 de profiter de cette exp\u00e9rience pour p\u00e9renniser cette mesure dans le temps\u00a0! Diff\u00e9rentes m\u00e9tropoles ont fait ce choix et appliquent la gratuit\u00e9 de ce transport [&hellip;]<\/p>\n","protected":false},"author":4,"featured_media":0,"comment_status":"closed","ping_status":"open","sticky":false,"template":"","format":"standard","meta":{"saved_in_kubio":false,"footnotes":""},"categories":[1],"tags":[],"class_list":["post-877","post","type-post","status-publish","format-standard","hentry","category-non-classe"],"_links":{"self":[{"href":"https:\/\/pcf08.com\/index.php\/wp-json\/wp\/v2\/posts\/877","targetHints":{"allow":["GET"]}}],"collection":[{"href":"https:\/\/pcf08.com\/index.php\/wp-json\/wp\/v2\/posts"}],"about":[{"href":"https:\/\/pcf08.com\/index.php\/wp-json\/wp\/v2\/types\/post"}],"author":[{"embeddable":true,"href":"https:\/\/pcf08.com\/index.php\/wp-json\/wp\/v2\/users\/4"}],"replies":[{"embeddable":true,"href":"https:\/\/pcf08.com\/index.php\/wp-json\/wp\/v2\/comments?post=877"}],"version-history":[{"count":1,"href":"https:\/\/pcf08.com\/index.php\/wp-json\/wp\/v2\/posts\/877\/revisions"}],"predecessor-version":[{"id":879,"href":"https:\/\/pcf08.com\/index.php\/wp-json\/wp\/v2\/posts\/877\/revisions\/879"}],"wp:attachment":[{"href":"https:\/\/pcf08.com\/index.php\/wp-json\/wp\/v2\/media?parent=877"}],"wp:term":[{"taxonomy":"category","embeddable":true,"href":"https:\/\/pcf08.com\/index.php\/wp-json\/wp\/v2\/categories?post=877"},{"taxonomy":"post_tag","embeddable":true,"href":"https:\/\/pcf08.com\/index.php\/wp-json\/wp\/v2\/tags?post=877"}],"curies":[{"name":"wp","href":"https:\/\/api.w.org\/{rel}","templated":true}]}}