{"id":857,"date":"2021-03-04T13:37:41","date_gmt":"2021-03-04T12:37:41","guid":{"rendered":"http:\/\/pcf08.com\/?p=857"},"modified":"2021-03-04T13:37:41","modified_gmt":"2021-03-04T12:37:41","slug":"sarkozy-la-faillite-de-la-droite","status":"publish","type":"post","link":"https:\/\/pcf08.com\/index.php\/2021\/03\/04\/sarkozy-la-faillite-de-la-droite\/","title":{"rendered":"Sarkozy\u00a0: la faillite de la droite\u00a0!"},"content":{"rendered":"<p align=\"justify\"><img loading=\"lazy\" decoding=\"async\" class=\"size-medium wp-image-858 alignright\" src=\"https:\/\/pcf08.com\/wp-content\/uploads\/2021\/03\/sarko-232x300.jpg\" alt=\"\" width=\"232\" height=\"300\" \/>Premier pr\u00e9sident de la R\u00e9publique \u00e0 \u00eatre condamn\u00e9, N. Sarkozy traduit l\u2019\u00e9tat d\u2019esprit de la droite\u00a0: tous les moyens sont bons pour \u00eatre au pouvoir, m\u00eame les plus ill\u00e9gaux. Le soutien du ministre de l\u2019int\u00e9rieur Darmanin confirme que LREM s\u2019associe aux pratiques de la droite\u00a0!<\/p>\n<p align=\"justify\">Le but est-il de discr\u00e9diter encore plus, dans une assimilation facile \u00ab\u00a0les politiques\u00a0\u00bb, de favoriser l\u2019abstention lors des prochaines \u00e9lections, l\u2019abstention des couches populaires, s\u2019entend, alors que le m\u00e9contentement grandit\u00a0?<\/p>\n<p align=\"justify\">Sourions au passage au fait que N. Sarkozy ait voulu emp\u00eacher tout am\u00e9nagement de peine pour les condamn\u00e9s \u00e0 la prison de plus de six mois. Sans doute se r\u00e9jouit il de ne pas avoir mener ce projet au bout\u00a0!<\/p>\n<p align=\"justify\">Nous ne pouvons que nous r\u00e9jouir de l\u2019ind\u00e9pendance de la justice dans notre pays.<\/p>\n","protected":false},"excerpt":{"rendered":"<p>Premier pr\u00e9sident de la R\u00e9publique \u00e0 \u00eatre condamn\u00e9, N. Sarkozy traduit l\u2019\u00e9tat d\u2019esprit de la droite\u00a0: tous les moyens sont bons pour \u00eatre au pouvoir, m\u00eame les plus ill\u00e9gaux. Le soutien du ministre de l\u2019int\u00e9rieur Darmanin confirme que LREM s\u2019associe aux pratiques de la droite\u00a0! Le but est-il de discr\u00e9diter encore plus, dans une assimilation [&hellip;]<\/p>\n","protected":false},"author":4,"featured_media":0,"comment_status":"closed","ping_status":"open","sticky":false,"template":"","format":"standard","meta":{"saved_in_kubio":false,"footnotes":""},"categories":[1],"tags":[],"class_list":["post-857","post","type-post","status-publish","format-standard","hentry","category-non-classe"],"_links":{"self":[{"href":"https:\/\/pcf08.com\/index.php\/wp-json\/wp\/v2\/posts\/857","targetHints":{"allow":["GET"]}}],"collection":[{"href":"https:\/\/pcf08.com\/index.php\/wp-json\/wp\/v2\/posts"}],"about":[{"href":"https:\/\/pcf08.com\/index.php\/wp-json\/wp\/v2\/types\/post"}],"author":[{"embeddable":true,"href":"https:\/\/pcf08.com\/index.php\/wp-json\/wp\/v2\/users\/4"}],"replies":[{"embeddable":true,"href":"https:\/\/pcf08.com\/index.php\/wp-json\/wp\/v2\/comments?post=857"}],"version-history":[{"count":1,"href":"https:\/\/pcf08.com\/index.php\/wp-json\/wp\/v2\/posts\/857\/revisions"}],"predecessor-version":[{"id":859,"href":"https:\/\/pcf08.com\/index.php\/wp-json\/wp\/v2\/posts\/857\/revisions\/859"}],"wp:attachment":[{"href":"https:\/\/pcf08.com\/index.php\/wp-json\/wp\/v2\/media?parent=857"}],"wp:term":[{"taxonomy":"category","embeddable":true,"href":"https:\/\/pcf08.com\/index.php\/wp-json\/wp\/v2\/categories?post=857"},{"taxonomy":"post_tag","embeddable":true,"href":"https:\/\/pcf08.com\/index.php\/wp-json\/wp\/v2\/tags?post=857"}],"curies":[{"name":"wp","href":"https:\/\/api.w.org\/{rel}","templated":true}]}}