{"id":792,"date":"2021-02-11T12:13:13","date_gmt":"2021-02-11T11:13:13","guid":{"rendered":"http:\/\/pcf08.com\/?p=792"},"modified":"2021-02-12T10:31:34","modified_gmt":"2021-02-12T09:31:34","slug":"4-fevrier-une-manifestation-combative","status":"publish","type":"post","link":"https:\/\/pcf08.com\/index.php\/2021\/02\/11\/4-fevrier-une-manifestation-combative\/","title":{"rendered":"4 f\u00e9vrier\u00a0: une manifestation combative\u00a0!"},"content":{"rendered":"<p align=\"justify\"><img loading=\"lazy\" decoding=\"async\" class=\"size-medium wp-image-799 alignleft\" src=\"https:\/\/pcf08.com\/wp-content\/uploads\/2021\/02\/manif-du-4-300x148.jpg\" alt=\"\" width=\"300\" height=\"148\" srcset=\"https:\/\/pcf08.com\/wp-content\/uploads\/2021\/02\/manif-du-4-300x148.jpg 300w, https:\/\/pcf08.com\/wp-content\/uploads\/2021\/02\/manif-du-4-1024x505.jpg 1024w, https:\/\/pcf08.com\/wp-content\/uploads\/2021\/02\/manif-du-4-768x379.jpg 768w, https:\/\/pcf08.com\/wp-content\/uploads\/2021\/02\/manif-du-4.jpg 1200w\" sizes=\"(max-width: 300px) 100vw, 300px\" \/>Pour l\u2019emploi, pour les salaires\u00a0: ce sont toutes les professions qui sont dans la lutte, comme l\u2019ont montr\u00e9 les diff\u00e9rentes interventions qui ont rythm\u00e9 cette manifestation interprofessionnelle, partie d\u2019EDF\u00a0: la volont\u00e9 de privatiser le secteur de l\u2019\u00e9nergie ne passe pas et concerne tout le monde\u00a0! Cette grande manifestation unissait tous les corps de m\u00e9tiers de tous les secteurs.<\/p>\n<p align=\"justify\">Les retrait\u00e9s \u00e9taient en nombre derri\u00e8re la banderole de leur syndicat CGT, et les jeunes (lyc\u00e9ens, \u00e9tudiants et travailleurs) \u00e9taient \u00e9galement nombreux derri\u00e8re leurs drapeaux rouges.<\/p>\n","protected":false},"excerpt":{"rendered":"<p>Pour l\u2019emploi, pour les salaires\u00a0: ce sont toutes les professions qui sont dans la lutte, comme l\u2019ont montr\u00e9 les diff\u00e9rentes interventions qui ont rythm\u00e9 cette manifestation interprofessionnelle, partie d\u2019EDF\u00a0: la volont\u00e9 de privatiser le secteur de l\u2019\u00e9nergie ne passe pas et concerne tout le monde\u00a0! Cette grande manifestation unissait tous les corps de m\u00e9tiers de [&hellip;]<\/p>\n","protected":false},"author":4,"featured_media":0,"comment_status":"closed","ping_status":"open","sticky":false,"template":"","format":"standard","meta":{"saved_in_kubio":false,"footnotes":""},"categories":[1],"tags":[],"class_list":["post-792","post","type-post","status-publish","format-standard","hentry","category-non-classe"],"_links":{"self":[{"href":"https:\/\/pcf08.com\/index.php\/wp-json\/wp\/v2\/posts\/792","targetHints":{"allow":["GET"]}}],"collection":[{"href":"https:\/\/pcf08.com\/index.php\/wp-json\/wp\/v2\/posts"}],"about":[{"href":"https:\/\/pcf08.com\/index.php\/wp-json\/wp\/v2\/types\/post"}],"author":[{"embeddable":true,"href":"https:\/\/pcf08.com\/index.php\/wp-json\/wp\/v2\/users\/4"}],"replies":[{"embeddable":true,"href":"https:\/\/pcf08.com\/index.php\/wp-json\/wp\/v2\/comments?post=792"}],"version-history":[{"count":2,"href":"https:\/\/pcf08.com\/index.php\/wp-json\/wp\/v2\/posts\/792\/revisions"}],"predecessor-version":[{"id":800,"href":"https:\/\/pcf08.com\/index.php\/wp-json\/wp\/v2\/posts\/792\/revisions\/800"}],"wp:attachment":[{"href":"https:\/\/pcf08.com\/index.php\/wp-json\/wp\/v2\/media?parent=792"}],"wp:term":[{"taxonomy":"category","embeddable":true,"href":"https:\/\/pcf08.com\/index.php\/wp-json\/wp\/v2\/categories?post=792"},{"taxonomy":"post_tag","embeddable":true,"href":"https:\/\/pcf08.com\/index.php\/wp-json\/wp\/v2\/tags?post=792"}],"curies":[{"name":"wp","href":"https:\/\/api.w.org\/{rel}","templated":true}]}}