{"id":774,"date":"2021-02-04T12:09:54","date_gmt":"2021-02-04T11:09:54","guid":{"rendered":"http:\/\/pcf08.com\/?p=774"},"modified":"2021-02-04T12:09:54","modified_gmt":"2021-02-04T11:09:54","slug":"des-choix-touristiques-douteux","status":"publish","type":"post","link":"https:\/\/pcf08.com\/index.php\/2021\/02\/04\/des-choix-touristiques-douteux\/","title":{"rendered":"Des choix touristiques douteux"},"content":{"rendered":"<p align=\"justify\"><img loading=\"lazy\" decoding=\"async\" class=\"size-medium wp-image-775 alignright\" src=\"https:\/\/pcf08.com\/wp-content\/uploads\/2021\/02\/4etoiles-1-300x170.jpg\" alt=\"\" width=\"300\" height=\"170\" \/>Lors de la r\u00e9union du prochain conseil municipal de Charleville-M\u00e9zi\u00e8res, l&rsquo;opposition posera une question orale au maire. Le r\u00e8glement int\u00e9rieur n&rsquo;autorise pas de d\u00e9bat dans ce cadre.<\/p>\n<p align=\"justify\">\u00ab\u00a0En mars 2019, l\u2019annonce a \u00e9t\u00e9 faite d\u2019un projet de r\u00e9alisation d\u2019un h\u00f4tel 4 \u00e9toiles sur la place Ducale. Ce dossier est pass\u00e9 au conseil municipal du 27 juin 2019. Depuis cette date aucune information n\u2019a \u00e9t\u00e9 communiqu\u00e9e aux \u00e9lus sur cette r\u00e9alisation d\u2019envergure. Financi\u00e8rement elle est estim\u00e9e \u00e0 pr\u00e8s de 9 millions avec pour objectif un h\u00f4tel de 39 chambres de luxe. O\u00f9 en sommes nous de l\u2019avancement de ce dossier alors que le lieu d\u2019implantation (cour de la cri\u00e9e place Ducale) semble \u00eatre en travaux pour l\u2019am\u00e9nagement des locaux? L\u2019acc\u00e8s \u00e0 la cour est ferm\u00e9 en permanence. Quelle est la nature des travaux r\u00e9alis\u00e9s et combien de candidats, sur les 27 dossiers retir\u00e9s \u00e0 l\u2019occasion de la consultation de d\u00e9but 2020, ont \u00e9t\u00e9 retenus ?<\/p>\n<p align=\"justify\">L\u2019impact du projet de pi\u00e9tonisation de la place Ducale a t-il \u00e9t\u00e9 pris en compte dans la r\u00e9flexion ?<\/p>\n<p align=\"justify\">Cette implantation h\u00f4teli\u00e8re m\u00e9rite un d\u00e9bat, d\u2019autant que vient d\u2019\u00eatre rendu public le projet d\u2019un investisseur priv\u00e9 qui souhaite implanter rue Rouget de Lisle un h\u00f4tel 5 \u00e9toiles pour lequel est annonc\u00e9e une subvention de 150 000 euros de l\u2019agglom\u00e9ration et de 250 000 de la r\u00e9gion. Dans une d\u00e9marche de transparence, il serait souhaitable de communiquer aux \u00e9lus les r\u00e9sultats des \u00e9tudes qui ont eu lieu sur la possibilit\u00e9 commerciale que soient viables deux projets qui touchent la m\u00eame client\u00e8le. Il existe \u00e0 Charleville-M\u00e9zi\u00e8res une quinzaine d\u2019h\u00f4tels au total et les professionnels disent eux m\u00eames que le march\u00e9 est satur\u00e9. Certes, cette remarque ne concerne pas la m\u00eame client\u00e8le mais il est \u00e9vident qu\u2019elle doit \u00eatre prise en compte.\u00a0\u00bb<\/p>\n<p align=\"right\"><span style=\"font-size: large;\"><b> <span style=\"font-size: medium;\">Sylvain DALLA ROSA<\/span><\/b><\/span><\/p>\n","protected":false},"excerpt":{"rendered":"<p>Lors de la r\u00e9union du prochain conseil municipal de Charleville-M\u00e9zi\u00e8res, l&rsquo;opposition posera une question orale au maire. Le r\u00e8glement int\u00e9rieur n&rsquo;autorise pas de d\u00e9bat dans ce cadre. \u00ab\u00a0En mars 2019, l\u2019annonce a \u00e9t\u00e9 faite d\u2019un projet de r\u00e9alisation d\u2019un h\u00f4tel 4 \u00e9toiles sur la place Ducale. Ce dossier est pass\u00e9 au conseil municipal du 27 [&hellip;]<\/p>\n","protected":false},"author":4,"featured_media":0,"comment_status":"closed","ping_status":"open","sticky":false,"template":"","format":"standard","meta":{"saved_in_kubio":false,"footnotes":""},"categories":[1],"tags":[],"class_list":["post-774","post","type-post","status-publish","format-standard","hentry","category-non-classe"],"_links":{"self":[{"href":"https:\/\/pcf08.com\/index.php\/wp-json\/wp\/v2\/posts\/774","targetHints":{"allow":["GET"]}}],"collection":[{"href":"https:\/\/pcf08.com\/index.php\/wp-json\/wp\/v2\/posts"}],"about":[{"href":"https:\/\/pcf08.com\/index.php\/wp-json\/wp\/v2\/types\/post"}],"author":[{"embeddable":true,"href":"https:\/\/pcf08.com\/index.php\/wp-json\/wp\/v2\/users\/4"}],"replies":[{"embeddable":true,"href":"https:\/\/pcf08.com\/index.php\/wp-json\/wp\/v2\/comments?post=774"}],"version-history":[{"count":1,"href":"https:\/\/pcf08.com\/index.php\/wp-json\/wp\/v2\/posts\/774\/revisions"}],"predecessor-version":[{"id":776,"href":"https:\/\/pcf08.com\/index.php\/wp-json\/wp\/v2\/posts\/774\/revisions\/776"}],"wp:attachment":[{"href":"https:\/\/pcf08.com\/index.php\/wp-json\/wp\/v2\/media?parent=774"}],"wp:term":[{"taxonomy":"category","embeddable":true,"href":"https:\/\/pcf08.com\/index.php\/wp-json\/wp\/v2\/categories?post=774"},{"taxonomy":"post_tag","embeddable":true,"href":"https:\/\/pcf08.com\/index.php\/wp-json\/wp\/v2\/tags?post=774"}],"curies":[{"name":"wp","href":"https:\/\/api.w.org\/{rel}","templated":true}]}}