{"id":755,"date":"2021-01-28T11:51:18","date_gmt":"2021-01-28T10:51:18","guid":{"rendered":"http:\/\/pcf08.com\/?p=755"},"modified":"2023-11-02T18:41:47","modified_gmt":"2023-11-02T17:41:47","slug":"la-ville-ne-doit-plus-subir-les-manoeuvres-de-lidl","status":"publish","type":"post","link":"https:\/\/pcf08.com\/index.php\/2021\/01\/28\/la-ville-ne-doit-plus-subir-les-manoeuvres-de-lidl\/","title":{"rendered":"La ville ne doit plus subir les man\u0153uvres de LIDL"},"content":{"rendered":"<p align=\"justify\"><span style=\"font-family: Times New Roman, serif;\"><span style=\"font-size: medium;\">L\u2019enseigne allemande LIDL laisse entendre qu\u2019elle est int\u00e9ress\u00e9e par le terrain \u00e0 c\u00f4t\u00e9 de la Pataterie, \u00e0 la sortie de Charleville-M\u00e9zi\u00e8res, pour y implanter un nouveau supermarch\u00e9. Cette information appara\u00eet comme un mauvais coup suppl\u00e9mentaire pour les habitants de la Ronde-Couture. Apr\u00e8s la fermeture de leur magasin de la rue Ferroul, en mars 2018, LIDL, confirmant sa volont\u00e9 de quitter les quartiers populaires, a continu\u00e9 les tractations laissant les \u00e9lus dans l\u2019ignorance des projets.<\/span><\/span><\/p>\n<p align=\"justify\"><span style=\"font-family: Times New Roman, serif;\"><span style=\"font-size: medium;\">Le groupe de la grande distribution \u00e9tait d\u00e9j\u00e0 int\u00e9ress\u00e9 par cet emplacement d\u00e9but 2010. A l\u2019\u00e9poque une rivalit\u00e9 existait avec la marque Grand Frais qui souhaitait s\u2019implanter \u00e0 la sortie de Charleville-M\u00e9zi\u00e8res. Sur le territoire concern\u00e9 vont exister, \u00e0 terme, quatre supermarch\u00e9s. Suite \u00e0 la fermeture de son magasin de la rue Ferroul (aujourd\u2019hui repris par Netto) LIDL engage une concurrence qui risque de faire capoter l\u2019implantation d\u2019un nouveau magasin sur ce site. Cette situation est d\u2019autant plus ind\u00e9cente que le terrain avait \u00e9t\u00e9 revendu \u00e0 la collectivit\u00e9 pour la somme de 280 000,00 euros. <\/span><\/span><\/p>\n<p align=\"justify\"><span style=\"font-family: Times New Roman, serif;\"><span style=\"font-size: medium;\">La ville n\u2019est pas oblig\u00e9e de subir les man\u0153uvres du groupe LIDL et peut, par exemple, refuser d\u2019attribuer un permis de construire. Il serait temps que le maire fasse preuve de fermet\u00e9 face \u00e0 LIDL<\/span><\/span><\/p>\n<p align=\"right\"><span style=\"font-family: Times New Roman, serif;\"><span style=\"font-size: medium;\">Sylvain Dalla Rosa<\/span><\/span><\/p>\n","protected":false},"excerpt":{"rendered":"<p>L\u2019enseigne allemande LIDL laisse entendre qu\u2019elle est int\u00e9ress\u00e9e par le terrain \u00e0 c\u00f4t\u00e9 de la Pataterie, \u00e0 la sortie de Charleville-M\u00e9zi\u00e8res, pour y implanter un nouveau supermarch\u00e9. Cette information appara\u00eet comme un mauvais coup suppl\u00e9mentaire pour les habitants de la Ronde-Couture. Apr\u00e8s la fermeture de leur magasin de la rue Ferroul, en mars 2018, LIDL, [&hellip;]<\/p>\n","protected":false},"author":4,"featured_media":0,"comment_status":"closed","ping_status":"open","sticky":false,"template":"","format":"standard","meta":{"saved_in_kubio":false,"footnotes":""},"categories":[1],"tags":[],"class_list":["post-755","post","type-post","status-publish","format-standard","hentry","category-non-classe"],"_links":{"self":[{"href":"https:\/\/pcf08.com\/index.php\/wp-json\/wp\/v2\/posts\/755","targetHints":{"allow":["GET"]}}],"collection":[{"href":"https:\/\/pcf08.com\/index.php\/wp-json\/wp\/v2\/posts"}],"about":[{"href":"https:\/\/pcf08.com\/index.php\/wp-json\/wp\/v2\/types\/post"}],"author":[{"embeddable":true,"href":"https:\/\/pcf08.com\/index.php\/wp-json\/wp\/v2\/users\/4"}],"replies":[{"embeddable":true,"href":"https:\/\/pcf08.com\/index.php\/wp-json\/wp\/v2\/comments?post=755"}],"version-history":[{"count":2,"href":"https:\/\/pcf08.com\/index.php\/wp-json\/wp\/v2\/posts\/755\/revisions"}],"predecessor-version":[{"id":2583,"href":"https:\/\/pcf08.com\/index.php\/wp-json\/wp\/v2\/posts\/755\/revisions\/2583"}],"wp:attachment":[{"href":"https:\/\/pcf08.com\/index.php\/wp-json\/wp\/v2\/media?parent=755"}],"wp:term":[{"taxonomy":"category","embeddable":true,"href":"https:\/\/pcf08.com\/index.php\/wp-json\/wp\/v2\/categories?post=755"},{"taxonomy":"post_tag","embeddable":true,"href":"https:\/\/pcf08.com\/index.php\/wp-json\/wp\/v2\/tags?post=755"}],"curies":[{"name":"wp","href":"https:\/\/api.w.org\/{rel}","templated":true}]}}