{"id":753,"date":"2021-01-28T11:43:53","date_gmt":"2021-01-28T10:43:53","guid":{"rendered":"http:\/\/pcf08.com\/?p=753"},"modified":"2021-01-28T11:43:53","modified_gmt":"2021-01-28T10:43:53","slug":"toutes-et-tous-mobilises-le-4-fevrier","status":"publish","type":"post","link":"https:\/\/pcf08.com\/index.php\/2021\/01\/28\/toutes-et-tous-mobilises-le-4-fevrier\/","title":{"rendered":"Toutes et tous mobilis\u00e9s  le 4 f\u00e9vrier"},"content":{"rendered":"<p align=\"justify\"><span style=\"font-family: Times New Roman, serif;\"><span style=\"font-size: large;\">De l\u2019argent pour l\u2019emploi, les salaires et les services publics, pas pour le capital\u00a0: voila une exigence forte que nous porterons dans la rue le 4 f\u00e9vrier.<\/span><\/span><\/p>\n<p align=\"justify\"><span style=\"font-family: Times New Roman, serif;\"><span style=\"font-size: large;\">La gr\u00e8ve interprofessionnelle \u00e0 l\u2019appel de la CGT, la FSU, Solidaire s\u2019impose face au traitement par le gouvernement de la pand\u00e9mie\u00a0: il l\u2019utilise pour passer ses r\u00e9formes les plus r\u00e9actionnaires dans l\u2019int\u00e9r\u00eat du patronat et contre le peuple.<\/span><\/span><\/p>\n<p align=\"justify\"><span style=\"font-family: Times New Roman, serif;\"><span style=\"font-size: large;\">Rendez-vous \u00e0 <span style=\"color: #ce181e;\"><u>13h devant EDF<\/u><\/span> rue de la Prairie (pr\u00e8s du 2\u00e8me parking Voltaire).<\/span><\/span><\/p>\n","protected":false},"excerpt":{"rendered":"<p>De l\u2019argent pour l\u2019emploi, les salaires et les services publics, pas pour le capital\u00a0: voila une exigence forte que nous porterons dans la rue le 4 f\u00e9vrier. La gr\u00e8ve interprofessionnelle \u00e0 l\u2019appel de la CGT, la FSU, Solidaire s\u2019impose face au traitement par le gouvernement de la pand\u00e9mie\u00a0: il l\u2019utilise pour passer ses r\u00e9formes les [&hellip;]<\/p>\n","protected":false},"author":4,"featured_media":0,"comment_status":"closed","ping_status":"open","sticky":false,"template":"","format":"standard","meta":{"saved_in_kubio":false,"footnotes":""},"categories":[1],"tags":[],"class_list":["post-753","post","type-post","status-publish","format-standard","hentry","category-non-classe"],"_links":{"self":[{"href":"https:\/\/pcf08.com\/index.php\/wp-json\/wp\/v2\/posts\/753","targetHints":{"allow":["GET"]}}],"collection":[{"href":"https:\/\/pcf08.com\/index.php\/wp-json\/wp\/v2\/posts"}],"about":[{"href":"https:\/\/pcf08.com\/index.php\/wp-json\/wp\/v2\/types\/post"}],"author":[{"embeddable":true,"href":"https:\/\/pcf08.com\/index.php\/wp-json\/wp\/v2\/users\/4"}],"replies":[{"embeddable":true,"href":"https:\/\/pcf08.com\/index.php\/wp-json\/wp\/v2\/comments?post=753"}],"version-history":[{"count":1,"href":"https:\/\/pcf08.com\/index.php\/wp-json\/wp\/v2\/posts\/753\/revisions"}],"predecessor-version":[{"id":754,"href":"https:\/\/pcf08.com\/index.php\/wp-json\/wp\/v2\/posts\/753\/revisions\/754"}],"wp:attachment":[{"href":"https:\/\/pcf08.com\/index.php\/wp-json\/wp\/v2\/media?parent=753"}],"wp:term":[{"taxonomy":"category","embeddable":true,"href":"https:\/\/pcf08.com\/index.php\/wp-json\/wp\/v2\/categories?post=753"},{"taxonomy":"post_tag","embeddable":true,"href":"https:\/\/pcf08.com\/index.php\/wp-json\/wp\/v2\/tags?post=753"}],"curies":[{"name":"wp","href":"https:\/\/api.w.org\/{rel}","templated":true}]}}