{"id":750,"date":"2021-01-28T11:43:09","date_gmt":"2021-01-28T10:43:09","guid":{"rendered":"http:\/\/pcf08.com\/?p=750"},"modified":"2021-01-28T11:43:09","modified_gmt":"2021-01-28T10:43:09","slug":"greve-chez-walor-a-vouziers","status":"publish","type":"post","link":"https:\/\/pcf08.com\/index.php\/2021\/01\/28\/greve-chez-walor-a-vouziers\/","title":{"rendered":"Gr\u00e8ve chez Walor  \u00e0 Vouziers"},"content":{"rendered":"<p align=\"justify\"><span style=\"font-family: Times New Roman, serif;\"><span style=\"font-size: medium;\"><img loading=\"lazy\" decoding=\"async\" class=\"size-medium wp-image-751 alignleft\" src=\"https:\/\/pcf08.com\/wp-content\/uploads\/2021\/01\/walor-300x225.jpg\" alt=\"\" width=\"300\" height=\"225\" srcset=\"https:\/\/pcf08.com\/wp-content\/uploads\/2021\/01\/walor-300x225.jpg 300w, https:\/\/pcf08.com\/wp-content\/uploads\/2021\/01\/walor.jpg 720w\" sizes=\"(max-width: 300px) 100vw, 300px\" \/>Les salari\u00e9s de Walor (ex entreprise AME) sont en gr\u00e8ve depuis vendredi du fait de la surdit\u00e9 de la direction.<\/span><\/span><\/p>\n<p align=\"justify\"><span style=\"font-family: Times New Roman, serif;\"><span style=\"font-size: medium;\">Les revendications portent sur les conditions de travail et les salaires. Les pressions manag\u00e9riales pour soumettre les salari\u00e9s sont insupportables. Pour rappel, les salari\u00e9s ardennais sont les moins pay\u00e9s du groupe\u00a0! <\/span><\/span><\/p>\n<p align=\"justify\"><span style=\"font-family: Times New Roman, serif;\"><span style=\"font-size: medium;\">La f\u00e9d\u00e9ration des Ardennes du PCF leur apporte son total soutien.<\/span><\/span><\/p>\n","protected":false},"excerpt":{"rendered":"<p>Les salari\u00e9s de Walor (ex entreprise AME) sont en gr\u00e8ve depuis vendredi du fait de la surdit\u00e9 de la direction. Les revendications portent sur les conditions de travail et les salaires. Les pressions manag\u00e9riales pour soumettre les salari\u00e9s sont insupportables. Pour rappel, les salari\u00e9s ardennais sont les moins pay\u00e9s du groupe\u00a0! La f\u00e9d\u00e9ration des Ardennes [&hellip;]<\/p>\n","protected":false},"author":4,"featured_media":0,"comment_status":"closed","ping_status":"open","sticky":false,"template":"","format":"standard","meta":{"saved_in_kubio":false,"footnotes":""},"categories":[1],"tags":[],"class_list":["post-750","post","type-post","status-publish","format-standard","hentry","category-non-classe"],"_links":{"self":[{"href":"https:\/\/pcf08.com\/index.php\/wp-json\/wp\/v2\/posts\/750","targetHints":{"allow":["GET"]}}],"collection":[{"href":"https:\/\/pcf08.com\/index.php\/wp-json\/wp\/v2\/posts"}],"about":[{"href":"https:\/\/pcf08.com\/index.php\/wp-json\/wp\/v2\/types\/post"}],"author":[{"embeddable":true,"href":"https:\/\/pcf08.com\/index.php\/wp-json\/wp\/v2\/users\/4"}],"replies":[{"embeddable":true,"href":"https:\/\/pcf08.com\/index.php\/wp-json\/wp\/v2\/comments?post=750"}],"version-history":[{"count":1,"href":"https:\/\/pcf08.com\/index.php\/wp-json\/wp\/v2\/posts\/750\/revisions"}],"predecessor-version":[{"id":752,"href":"https:\/\/pcf08.com\/index.php\/wp-json\/wp\/v2\/posts\/750\/revisions\/752"}],"wp:attachment":[{"href":"https:\/\/pcf08.com\/index.php\/wp-json\/wp\/v2\/media?parent=750"}],"wp:term":[{"taxonomy":"category","embeddable":true,"href":"https:\/\/pcf08.com\/index.php\/wp-json\/wp\/v2\/categories?post=750"},{"taxonomy":"post_tag","embeddable":true,"href":"https:\/\/pcf08.com\/index.php\/wp-json\/wp\/v2\/tags?post=750"}],"curies":[{"name":"wp","href":"https:\/\/api.w.org\/{rel}","templated":true}]}}