{"id":748,"date":"2021-01-28T11:41:24","date_gmt":"2021-01-28T10:41:24","guid":{"rendered":"http:\/\/pcf08.com\/?p=748"},"modified":"2021-01-28T11:41:24","modified_gmt":"2021-01-28T10:41:24","slug":"de-de-d-democratie","status":"publish","type":"post","link":"https:\/\/pcf08.com\/index.php\/2021\/01\/28\/de-de-d-democratie\/","title":{"rendered":"D\u00e9\u2026 D\u00e9 \u2026 D \u2026 D\u00e9mocratie\u00a0?"},"content":{"rendered":"<p align=\"justify\"><span style=\"font-family: Times New Roman, serif;\"><span style=\"font-size: medium;\">Samedi 23 janvier, le premier ministre est all\u00e9 \u00e0 Colmar donner des gages \u00e0 la droite alsacienne, envisageant des comp\u00e9tences particuli\u00e8res pour la CEA, la communaut\u00e9 europ\u00e9enne d\u2019Alsace, n\u00e9e le 1<sup>er<\/sup> janvier.<\/span><\/span><\/p>\n<p align=\"justify\"><span style=\"font-family: Times New Roman, serif;\"><span style=\"font-size: medium;\">Sans doute voulait il ainsi faire aussi la publicit\u00e9 du projet de loi 3D (D\u00e9centralisation, d\u00e9concentration, diff\u00e9renciation) devenu 4 D avec la d\u00e9complexification.<\/span><\/span><\/p>\n<p align=\"justify\"><span style=\"font-family: Times New Roman, serif;\"><span style=\"font-size: medium;\">Il y manque pourtant le D essentiel, celui de la d\u00e9mocratie.<\/span><\/span><\/p>\n<p align=\"justify\"><span style=\"font-family: Times New Roman, serif;\"><span style=\"font-size: medium;\">C\u2019est vrai que l\u2019endroit \u00e9tait mal choisi pour parler d\u00e9mocratie\u00a0: la naissance de cette communaut\u00e9 qui r\u00e9unit les deux d\u00e9partements des Bas et Haut Rhin s\u2019est faite malgr\u00e9 le r\u00e9f\u00e9rendum de 2013 qui traduisait le peu d\u2019enthousiasme de la population alsacienne \u00e0 ce montage technocratique, r\u00e9pondant avant tout aux int\u00e9r\u00eats de la bourgeoisie\u00a0!<\/span><\/span><\/p>\n<p align=\"justify\"><span style=\"font-family: Times New Roman, serif;\"><span style=\"font-size: medium;\">Ne parlons pas des habitants des autres d\u00e9partements du Grand Est\u00a0! Apr\u00e8s la fusion de leurs r\u00e9gions en 2016 d\u00e9cid\u00e9e sans leur demander leur avis, les voil\u00e0 \u00e0 nouveau mis devant le fait accompli\u00a0: une r\u00e9gion \u00e0 deux vitesses, lieu d\u2019exp\u00e9rimentation avant l\u2019heure du projet de loi 3 ou 4 D, une r\u00e9gion organis\u00e9e pour la mise en concurrence de ses plus grandes agglom\u00e9rations. L\u2019\u00e9galit\u00e9 r\u00e9publicaine est mise en miette\u00a0!<\/span><\/span><\/p>\n<p align=\"justify\"><span style=\"font-family: Times New Roman, serif;\"><span style=\"font-size: medium;\">L\u00e0 o\u00f9 la d\u00e9centralisation, la d\u00e9concentration pourrait servir une v\u00e9ritable d\u00e9mocratie locale, construisant la r\u00e9ponse aux besoins de la population pour que l\u2019acc\u00e8s aux droits, l\u2019acc\u00e8s aux services publics, l\u2019acc\u00e8s \u00e0 la sant\u00e9 &#8230;soient concr\u00e8tement la r\u00e9alit\u00e9 pour toutes et tous, Macron et Castex pr\u00e9f\u00e8rent le d\u00e9veloppement des in\u00e9galit\u00e9s\u00a0! <\/span><\/span><\/p>\n<p align=\"justify\"><span style=\"font-family: Times New Roman, serif;\"><span style=\"font-size: medium;\">La d\u00e9mocratie est pourtant la garante de politiques r\u00e9pondant aux besoins, n\u2019en d\u00e9plaise \u00e0 l\u2019oligarchie politicofinanci\u00e8re de LREM peu soucieuse de l\u2019int\u00e9r\u00eat commun.<\/span><\/span><\/p>\n<p align=\"justify\"><span style=\"font-family: Times New Roman, serif;\"><span style=\"font-size: medium;\">A d\u00e9faut d\u2019affirmer la date des prochaines \u00e9lections d\u00e9partementales et r\u00e9gionales, une affirmation est possible\u00a0: les candidat.e.s communistes y seront les meilleurs d\u00e9fenseurs de la d\u00e9mocratie\u00a0!<\/span><\/span><\/p>\n","protected":false},"excerpt":{"rendered":"<p>Samedi 23 janvier, le premier ministre est all\u00e9 \u00e0 Colmar donner des gages \u00e0 la droite alsacienne, envisageant des comp\u00e9tences particuli\u00e8res pour la CEA, la communaut\u00e9 europ\u00e9enne d\u2019Alsace, n\u00e9e le 1er janvier. Sans doute voulait il ainsi faire aussi la publicit\u00e9 du projet de loi 3D (D\u00e9centralisation, d\u00e9concentration, diff\u00e9renciation) devenu 4 D avec la d\u00e9complexification. [&hellip;]<\/p>\n","protected":false},"author":4,"featured_media":0,"comment_status":"closed","ping_status":"open","sticky":false,"template":"","format":"standard","meta":{"saved_in_kubio":false,"footnotes":""},"categories":[1],"tags":[],"class_list":["post-748","post","type-post","status-publish","format-standard","hentry","category-non-classe"],"_links":{"self":[{"href":"https:\/\/pcf08.com\/index.php\/wp-json\/wp\/v2\/posts\/748","targetHints":{"allow":["GET"]}}],"collection":[{"href":"https:\/\/pcf08.com\/index.php\/wp-json\/wp\/v2\/posts"}],"about":[{"href":"https:\/\/pcf08.com\/index.php\/wp-json\/wp\/v2\/types\/post"}],"author":[{"embeddable":true,"href":"https:\/\/pcf08.com\/index.php\/wp-json\/wp\/v2\/users\/4"}],"replies":[{"embeddable":true,"href":"https:\/\/pcf08.com\/index.php\/wp-json\/wp\/v2\/comments?post=748"}],"version-history":[{"count":1,"href":"https:\/\/pcf08.com\/index.php\/wp-json\/wp\/v2\/posts\/748\/revisions"}],"predecessor-version":[{"id":749,"href":"https:\/\/pcf08.com\/index.php\/wp-json\/wp\/v2\/posts\/748\/revisions\/749"}],"wp:attachment":[{"href":"https:\/\/pcf08.com\/index.php\/wp-json\/wp\/v2\/media?parent=748"}],"wp:term":[{"taxonomy":"category","embeddable":true,"href":"https:\/\/pcf08.com\/index.php\/wp-json\/wp\/v2\/categories?post=748"},{"taxonomy":"post_tag","embeddable":true,"href":"https:\/\/pcf08.com\/index.php\/wp-json\/wp\/v2\/tags?post=748"}],"curies":[{"name":"wp","href":"https:\/\/api.w.org\/{rel}","templated":true}]}}