{"id":738,"date":"2021-01-21T12:13:41","date_gmt":"2021-01-21T11:13:41","guid":{"rendered":"http:\/\/pcf08.com\/?p=738"},"modified":"2021-01-21T12:13:41","modified_gmt":"2021-01-21T11:13:41","slug":"la-fievre-monte-chez-les-salaries","status":"publish","type":"post","link":"https:\/\/pcf08.com\/index.php\/2021\/01\/21\/la-fievre-monte-chez-les-salaries\/","title":{"rendered":"La fi\u00e8vre monte chez les salari\u00e9s\u00a0!"},"content":{"rendered":"<p><span style=\"font-family: Times New Roman, serif;\"><span style=\"font-size: medium;\"><img loading=\"lazy\" decoding=\"async\" class=\"size-medium wp-image-739 alignleft\" src=\"https:\/\/pcf08.com\/wp-content\/uploads\/2021\/01\/Sanofi-300x192.jpg\" alt=\"\" width=\"300\" height=\"192\" \/>Entre m\u00e9pris et bas salaires, risque pour l\u2019emploi et travail pour \u00eatre rentable plut\u00f4t que pour l\u2019int\u00e9r\u00eat g\u00e9n\u00e9ral, les raisons de mobilisation des salari\u00e9s se multiplient. Prenons un exemple hors d\u00e9partement, mais embl\u00e9matique en cette p\u00e9riode\u00a0: celui des salari\u00e9s de SANOFI. Les vaccins contre le COVID sont nombreux\u00a0: Pfizer, Moderna, dont chacun a entendu parler dans notre pays (\u00e0 d\u00e9faut d\u2019avoir acc\u00e8s au vaccin) mais aussi russe, chinois. Au pays de Pasteur, le directeur g\u00e9n\u00e9ral du groupe pharmaceutique fran\u00e7ais, SANOFI, avait suscit\u00e9 un toll\u00e9 au printemps dernier en expliquant que son vaccin serait distribu\u00e9 en premier aux \u00c9tats-Unis. Il aurait mieux fait de se taire\u00a0! Sanofi n\u2019est pas au rendez-vous\u00a0! Mais le nombre de chercheurs de SANOFI est pass\u00e9 de plus de 6 000 postes en 2007 \u00e0 3400 et il veut encore en supprimer 400\u00a0! En tout le plan pr\u00e9voit 1700 suppressions d\u2019emploi en Europe dont mille en France. Pourtant SANOFI a touch\u00e9 de l\u2019argent public pour ses recherches et vers\u00e9 4 milliards \u00e0 ses actionnaires au printemps dernier. Cherchez l\u2019erreur\u00a0! Les salari\u00e9s de SANOFI \u00e9taient en gr\u00e8ve ce 19 janvier pour des augmentations de salaires, contre ces suppressions de poste et leur syndicat CGT propose que les unit\u00e9s de production contribuent \u00e0 la production de vaccins mis au point par les autres.<\/span><\/span><\/p>\n<p align=\"justify\"><span style=\"font-family: Times New Roman, serif;\"><span style=\"font-size: medium;\">Avec son projet Hercule, EDF veut saucissonner l\u2019entreprise avec des risques majeurs pour le respect des imp\u00e9ratifs de service public, les tarifs et la recherche pourtant indispensable pour la transition \u00e9cologique\u00a0: comment s\u2019\u00e9tonner de la mobilisation de ses salari\u00e9s\u00a0? La prochaine mobilisation est annonc\u00e9e pour le 28 janvier.<\/span><\/span><\/p>\n<p align=\"justify\"><span style=\"font-family: Times New Roman, serif;\"><span style=\"font-size: medium;\">Les soignants seront dans la rue ce jeudi 21 janvier. Malgr\u00e9 l\u2019\u00e9pid\u00e9mie, les fermetures de lits et de services se multiplient dans les h\u00f4pitaux\u00a0!<\/span><\/span><\/p>\n<p align=\"justify\"><span style=\"font-family: Times New Roman, serif;\"><span style=\"font-size: medium;\">Le 26 janvier, ce sont les personnels de l\u2019\u00e9ducation nationale rejoint par l\u2019enseignement sup\u00e9rieur et la recherche qui seront en gr\u00e8ve\u00a0: la gestion erratique et sans moyens suppl\u00e9mentaires de la crise sanitaire est \u00e0 la mesure du m\u00e9pris que les personnels ressentent et met en cause l\u2019\u00e9ducation de nos jeunes.<\/span><\/span><\/p>\n<p align=\"justify\"><span style=\"font-family: Times New Roman, serif;\"><span style=\"font-size: medium;\">La fi\u00e8vre monte chez les salari\u00e9s et le 4 f\u00e9vrier, c\u2019est une journ\u00e9e intersyndicale, interprofessionnelle qui s\u2019annonce\u00a0: le plan de relance affich\u00e9 par le gouvernement poursuit les politiques de casse de l\u2019emploi, de pression sur les salaires et sur les conditions de travail et d\u2019affaiblissement de la protection sociale. Il plonge une grande partie de la population et notamment la jeunesse dans la pr\u00e9carit\u00e9 et la pauvret\u00e9. C\u2019est insupportable\u00a0!<\/span><\/span><\/p>\n<p align=\"right\"><span style=\"font-family: Times New Roman, serif;\"><span style=\"font-size: medium;\"><b>Mich\u00e8le LEFLON<\/b><\/span><\/span><\/p>\n","protected":false},"excerpt":{"rendered":"<p>Entre m\u00e9pris et bas salaires, risque pour l\u2019emploi et travail pour \u00eatre rentable plut\u00f4t que pour l\u2019int\u00e9r\u00eat g\u00e9n\u00e9ral, les raisons de mobilisation des salari\u00e9s se multiplient. Prenons un exemple hors d\u00e9partement, mais embl\u00e9matique en cette p\u00e9riode\u00a0: celui des salari\u00e9s de SANOFI. Les vaccins contre le COVID sont nombreux\u00a0: Pfizer, Moderna, dont chacun a entendu parler [&hellip;]<\/p>\n","protected":false},"author":4,"featured_media":0,"comment_status":"closed","ping_status":"open","sticky":false,"template":"","format":"standard","meta":{"saved_in_kubio":false,"footnotes":""},"categories":[1],"tags":[],"class_list":["post-738","post","type-post","status-publish","format-standard","hentry","category-non-classe"],"_links":{"self":[{"href":"https:\/\/pcf08.com\/index.php\/wp-json\/wp\/v2\/posts\/738","targetHints":{"allow":["GET"]}}],"collection":[{"href":"https:\/\/pcf08.com\/index.php\/wp-json\/wp\/v2\/posts"}],"about":[{"href":"https:\/\/pcf08.com\/index.php\/wp-json\/wp\/v2\/types\/post"}],"author":[{"embeddable":true,"href":"https:\/\/pcf08.com\/index.php\/wp-json\/wp\/v2\/users\/4"}],"replies":[{"embeddable":true,"href":"https:\/\/pcf08.com\/index.php\/wp-json\/wp\/v2\/comments?post=738"}],"version-history":[{"count":1,"href":"https:\/\/pcf08.com\/index.php\/wp-json\/wp\/v2\/posts\/738\/revisions"}],"predecessor-version":[{"id":740,"href":"https:\/\/pcf08.com\/index.php\/wp-json\/wp\/v2\/posts\/738\/revisions\/740"}],"wp:attachment":[{"href":"https:\/\/pcf08.com\/index.php\/wp-json\/wp\/v2\/media?parent=738"}],"wp:term":[{"taxonomy":"category","embeddable":true,"href":"https:\/\/pcf08.com\/index.php\/wp-json\/wp\/v2\/categories?post=738"},{"taxonomy":"post_tag","embeddable":true,"href":"https:\/\/pcf08.com\/index.php\/wp-json\/wp\/v2\/tags?post=738"}],"curies":[{"name":"wp","href":"https:\/\/api.w.org\/{rel}","templated":true}]}}