{"id":736,"date":"2021-01-21T12:11:35","date_gmt":"2021-01-21T11:11:35","guid":{"rendered":"http:\/\/pcf08.com\/?p=736"},"modified":"2021-01-21T12:11:35","modified_gmt":"2021-01-21T11:11:35","slug":"bilan-de-la-crise-tres-lourd-pour-les-etudiants","status":"publish","type":"post","link":"https:\/\/pcf08.com\/index.php\/2021\/01\/21\/bilan-de-la-crise-tres-lourd-pour-les-etudiants\/","title":{"rendered":"Bilan de la crise tr\u00e8s lourd pour les \u00e9tudiants"},"content":{"rendered":"<p align=\"justify\"><span style=\"font-family: Abadi, serif;\"><span style=\"font-size: medium;\">D\u00e9pressions, d\u00e9crochages, perte d\u2019emplois et de revenus, programmes ERASMUS annul\u00e9s, le bilan que dresse la crise est particuli\u00e8rement lourd pour les \u00e9tudiants et encore plus \u00e9videmment pour les plus pr\u00e9caires d\u2019entre eux.<\/span><\/span><\/p>\n<p align=\"justify\">Cette ann\u00e9e acad\u00e9mique se pr\u00e9sentait comme une lueur d\u2019espoir pour certains apr\u00e8s la d\u00e9tresse qu\u2019ont pu conna\u00eetre les \u00e9tudiants l\u2019ann\u00e9e derni\u00e8re, ann\u00e9e durement touch\u00e9e par la crise sanitaire. Malheureusement, ces espoirs ont \u00e9t\u00e9 de courte dur\u00e9e. Tout a commenc\u00e9 avec la d\u00e9cision de dispenser les cours \u00e0 distance, d\u00e9cision loin d\u2019\u00eatre l\u00e9g\u00e8re en cons\u00e9quence. Aucun type d\u2019enseignement n\u2019est adapt\u00e9 \u00e0 de pareilles conditions p\u00e9dagogiques, c\u2019est d\u2019autant plus le cas pour l\u2019enseignement sup\u00e9rieur. C\u2019est ainsi que nombre d\u2019\u00e9tudiants sont tomb\u00e9s dans un cercle de d\u00e9crochage, faute de pouvoir suivre leur enseignement correctement. La d\u00e9pression est \u00e9galement un sympt\u00f4me li\u00e9 \u00e0 la Covid, d\u00e9pression \u00e0 laquelle sont laiss\u00e9s les \u00e9tudiants, ne pouvant que tourner en rond dans leurs chambres \u00e9tudiantes, priv\u00e9s de tout lien social quand ils ont encore la chance de pouvoir payer leur loyer. Ce loyer si cher de nos jours, quand le confinement et la fermeture du secteur HORECA ont signifi\u00e9 la perte de dizaines de milliers d\u2019emplois \u00e9tudiants, indispensable \u00e0 la survie des plus pr\u00e9caires.<\/p>\n<p align=\"justify\">Que r\u00e9pond le gouvernement face \u00e0 cette d\u00e9tresse qui gagne nos facult\u00e9s une \u00e0 une ? Rien si ce n\u2019est des paroles vides de sens et d\u2019actes. \u201cNous pensons \u00e0 vous\u201d, \u201cC\u2019est dur d\u2019avoir 20 ans en 2020\u201d. Une pseudo-consid\u00e9ration de notre affliction ne peut en aucun cas nous suffire. C\u2019est pour cela que nous demandons notre retour dans les universit\u00e9s, que ce soit en demi-classe, en groupes, mais notre retour sur nos bancs, l\u00e0 o\u00f9 se construit chaque jour non seulement notre avenir mais \u00e9galement l\u2019avenir de la France.<\/p>\n<p align=\"justify\">C\u2019est en ce sens, que nous avons manifest\u00e9 le 20 janvier, soutenu notamment par Fabien Roussel, et que nous continuerons de porter haut et fort ces revendications, \u201cquoi qu\u2019il en co\u00fbte\u201d.<\/p>\n<p align=\"right\"><span style=\"font-family: Times New Roman, serif;\"><span style=\"font-size: medium;\"><b>Anthony JACOBS-REMACLE<\/b><\/span><\/span><\/p>\n","protected":false},"excerpt":{"rendered":"<p>D\u00e9pressions, d\u00e9crochages, perte d\u2019emplois et de revenus, programmes ERASMUS annul\u00e9s, le bilan que dresse la crise est particuli\u00e8rement lourd pour les \u00e9tudiants et encore plus \u00e9videmment pour les plus pr\u00e9caires d\u2019entre eux. Cette ann\u00e9e acad\u00e9mique se pr\u00e9sentait comme une lueur d\u2019espoir pour certains apr\u00e8s la d\u00e9tresse qu\u2019ont pu conna\u00eetre les \u00e9tudiants l\u2019ann\u00e9e derni\u00e8re, ann\u00e9e durement [&hellip;]<\/p>\n","protected":false},"author":4,"featured_media":0,"comment_status":"closed","ping_status":"open","sticky":false,"template":"","format":"standard","meta":{"saved_in_kubio":false,"footnotes":""},"categories":[1],"tags":[],"class_list":["post-736","post","type-post","status-publish","format-standard","hentry","category-non-classe"],"_links":{"self":[{"href":"https:\/\/pcf08.com\/index.php\/wp-json\/wp\/v2\/posts\/736","targetHints":{"allow":["GET"]}}],"collection":[{"href":"https:\/\/pcf08.com\/index.php\/wp-json\/wp\/v2\/posts"}],"about":[{"href":"https:\/\/pcf08.com\/index.php\/wp-json\/wp\/v2\/types\/post"}],"author":[{"embeddable":true,"href":"https:\/\/pcf08.com\/index.php\/wp-json\/wp\/v2\/users\/4"}],"replies":[{"embeddable":true,"href":"https:\/\/pcf08.com\/index.php\/wp-json\/wp\/v2\/comments?post=736"}],"version-history":[{"count":1,"href":"https:\/\/pcf08.com\/index.php\/wp-json\/wp\/v2\/posts\/736\/revisions"}],"predecessor-version":[{"id":737,"href":"https:\/\/pcf08.com\/index.php\/wp-json\/wp\/v2\/posts\/736\/revisions\/737"}],"wp:attachment":[{"href":"https:\/\/pcf08.com\/index.php\/wp-json\/wp\/v2\/media?parent=736"}],"wp:term":[{"taxonomy":"category","embeddable":true,"href":"https:\/\/pcf08.com\/index.php\/wp-json\/wp\/v2\/categories?post=736"},{"taxonomy":"post_tag","embeddable":true,"href":"https:\/\/pcf08.com\/index.php\/wp-json\/wp\/v2\/tags?post=736"}],"curies":[{"name":"wp","href":"https:\/\/api.w.org\/{rel}","templated":true}]}}