{"id":731,"date":"2021-01-21T12:10:25","date_gmt":"2021-01-21T11:10:25","guid":{"rendered":"http:\/\/pcf08.com\/?p=731"},"modified":"2021-01-21T12:10:25","modified_gmt":"2021-01-21T11:10:25","slug":"enseignants-sous-emprise","status":"publish","type":"post","link":"https:\/\/pcf08.com\/index.php\/2021\/01\/21\/enseignants-sous-emprise\/","title":{"rendered":"Enseignants sous emprise\u00a0!"},"content":{"rendered":"<p align=\"justify\"><span style=\"font-family: Times New Roman, serif;\"><span style=\"font-size: medium;\"><img loading=\"lazy\" decoding=\"async\" class=\"size-full wp-image-732 alignleft\" src=\"https:\/\/pcf08.com\/wp-content\/uploads\/2021\/01\/laicite.jpg\" alt=\"\" width=\"103\" height=\"150\" \/>Oui, \u00ab\u00a0<\/span><span style=\"font-size: medium;\"><i>Dieu barre la route<\/i><\/span><span style=\"font-size: medium;\">\u00a0\u00bb (comme le titre Charlie Hebdo du 6 janvier 2021 p.5).<\/span><\/span><\/p>\n<p align=\"justify\"><span style=\"font-family: Times New Roman, serif;\"><span style=\"font-size: medium;\">Un sondage (Ifop-Fondation Jaur\u00e8s) montre qu\u2019un prof sur deux a connu des contestations au sujet de son enseignement. Si ce prof en informe le rectorat, on lui dit \u00ab\u00a0<\/span><span style=\"font-size: medium;\"><i>qu\u2019il est all\u00e9 trop loin<\/i><\/span><span style=\"font-size: medium;\">\u00a0\u00bb et \u00ab\u00a0<\/span><span style=\"font-size: medium;\"><i>qu\u2019il faut faire moins de vagues<\/i><\/span><span style=\"font-size: medium;\">\u00a0\u00bb.<\/span><\/span><\/p>\n<p align=\"justify\"><span style=\"font-family: Times New Roman, serif;\"><span style=\"font-size: medium;\">Au lyc\u00e9e, 38% des professeurs seulement d\u00e9clarent ne pas s\u2019autocensurer pour \u00e9viter les incidents\u00a0! Est-ce qu\u2019on se rend bien compte du recul de la la\u00efcit\u00e9\u00a0? <\/span><\/span><\/p>\n<p align=\"justify\"><span style=\"font-family: Times New Roman, serif;\"><span style=\"font-size: medium;\">L\u2019institution Education Nationale refuse visiblement d\u2019aborder le probl\u00e8me. <\/span><\/span><\/p>\n<p align=\"justify\"><span style=\"font-family: Times New Roman, serif;\"><span style=\"font-size: medium;\">Les professeurs courageux continuent, au risque d\u2019\u00eatre contest\u00e9s, insult\u00e9s et m\u00eame\u2026 d\u00e9capit\u00e9s\u00a0?<\/span><\/span><\/p>\n<p align=\"justify\"><span style=\"font-family: Times New Roman, serif;\"><span style=\"font-size: medium;\">Comme Samuel Paty.<\/span><\/span><\/p>\n<p align=\"justify\"><span style=\"font-family: Times New Roman, serif;\"><span style=\"font-size: medium;\">Ou encore humili\u00e9s, ils quittent l\u2019enseignement, m\u00eame s\u2019ils aimaient leur m\u00e9tier.<\/span><\/span><\/p>\n<p align=\"justify\"><span style=\"font-family: Times New Roman, serif;\"><span style=\"font-size: medium;\">Comment l\u2019\u00e9cole la\u00efque peut-elle continuer ainsi\u00a0?<img loading=\"lazy\" decoding=\"async\" class=\"size-medium wp-image-734 alignright\" src=\"https:\/\/pcf08.com\/wp-content\/uploads\/2021\/01\/libert\u00e9-300x148.jpg\" alt=\"\" width=\"300\" height=\"148\" \/><\/span><\/span><\/p>\n<p align=\"justify\"><span style=\"font-family: Times New Roman, serif;\"><span style=\"font-size: medium;\">Les professeurs et les parents d\u2019\u00e9l\u00e8ves devraient protester, tous unis, pour d\u00e9fendre une \u00e9cole la\u00efque, o\u00f9 les professeurs seront libres d\u2019enseigner leur programme sans la pression de ces int\u00e9gristes religieux.<\/span><\/span><\/p>\n<p align=\"justify\"><span style=\"font-family: Times New Roman, serif;\"><span style=\"font-size: medium;\">La la\u00efcit\u00e9 est \u00e0 retrouver, \u00e0 enseigner, avec la libert\u00e9 d\u2019expression, la libert\u00e9 de caricatures, la libert\u00e9 de croire ou de ne pas croire. Et les \u00e9l\u00e8ves de cette \u00e9cole la\u00efque doivent accepter les cours de cette \u00e9cole la\u00efque\u00a0!<\/span><\/span><\/p>\n<p><span style=\"font-family: Times New Roman, serif;\"><span style=\"font-size: medium;\">Le parti communiste d\u00e9fend bec et ongles cette \u00e9cole publique et la\u00efque (et les professeurs quand ils sont emp\u00each\u00e9s de faire leurs cours). Elle est un pilier des institutions qui sont indispensables pour \u00e9duquer le peuple et lui permettre de s\u2019\u00e9manciper de toutes les oppressions, religieuses, politiques et de construire le socialisme.<\/span><\/span><\/p>\n","protected":false},"excerpt":{"rendered":"<p>Oui, \u00ab\u00a0Dieu barre la route\u00a0\u00bb (comme le titre Charlie Hebdo du 6 janvier 2021 p.5). Un sondage (Ifop-Fondation Jaur\u00e8s) montre qu\u2019un prof sur deux a connu des contestations au sujet de son enseignement. Si ce prof en informe le rectorat, on lui dit \u00ab\u00a0qu\u2019il est all\u00e9 trop loin\u00a0\u00bb et \u00ab\u00a0qu\u2019il faut faire moins de vagues\u00a0\u00bb. [&hellip;]<\/p>\n","protected":false},"author":4,"featured_media":0,"comment_status":"closed","ping_status":"open","sticky":false,"template":"","format":"standard","meta":{"saved_in_kubio":false,"footnotes":""},"categories":[1],"tags":[],"class_list":["post-731","post","type-post","status-publish","format-standard","hentry","category-non-classe"],"_links":{"self":[{"href":"https:\/\/pcf08.com\/index.php\/wp-json\/wp\/v2\/posts\/731","targetHints":{"allow":["GET"]}}],"collection":[{"href":"https:\/\/pcf08.com\/index.php\/wp-json\/wp\/v2\/posts"}],"about":[{"href":"https:\/\/pcf08.com\/index.php\/wp-json\/wp\/v2\/types\/post"}],"author":[{"embeddable":true,"href":"https:\/\/pcf08.com\/index.php\/wp-json\/wp\/v2\/users\/4"}],"replies":[{"embeddable":true,"href":"https:\/\/pcf08.com\/index.php\/wp-json\/wp\/v2\/comments?post=731"}],"version-history":[{"count":1,"href":"https:\/\/pcf08.com\/index.php\/wp-json\/wp\/v2\/posts\/731\/revisions"}],"predecessor-version":[{"id":735,"href":"https:\/\/pcf08.com\/index.php\/wp-json\/wp\/v2\/posts\/731\/revisions\/735"}],"wp:attachment":[{"href":"https:\/\/pcf08.com\/index.php\/wp-json\/wp\/v2\/media?parent=731"}],"wp:term":[{"taxonomy":"category","embeddable":true,"href":"https:\/\/pcf08.com\/index.php\/wp-json\/wp\/v2\/categories?post=731"},{"taxonomy":"post_tag","embeddable":true,"href":"https:\/\/pcf08.com\/index.php\/wp-json\/wp\/v2\/tags?post=731"}],"curies":[{"name":"wp","href":"https:\/\/api.w.org\/{rel}","templated":true}]}}