{"id":721,"date":"2021-01-14T11:13:08","date_gmt":"2021-01-14T10:13:08","guid":{"rendered":"http:\/\/pcf08.com\/?p=721"},"modified":"2021-01-14T11:13:08","modified_gmt":"2021-01-14T10:13:08","slug":"appel-a-la-mobilisation-des-defenseurs-des-libertes","status":"publish","type":"post","link":"https:\/\/pcf08.com\/index.php\/2021\/01\/14\/appel-a-la-mobilisation-des-defenseurs-des-libertes\/","title":{"rendered":"Appel \u00e0 la mobilisation  des d\u00e9fenseurs des libert\u00e9s"},"content":{"rendered":"<p align=\"justify\"><span style=\"font-family: Liberation Serif, serif;\"><span style=\"font-size: medium;\"><b>La F\u00e9d\u00e9ration des Ardennes du PCF appelle \u00e0 participer au rassemblement samedi 16 janvier \u00e0 11 h place ducale<\/b><\/span><\/span><span style=\"font-family: Liberation Serif, serif;\"><span style=\"font-size: medium;\">, initi\u00e9 par la LDH, Amnesty internationale, l<\/span><\/span><span style=\"font-family: Liberation Serif, serif;\"><span style=\"font-size: medium;\">a <\/span><\/span><span style=\"font-family: Liberation Serif, serif;\"><span style=\"font-size: medium;\">Libre pens\u00e9e, <\/span><\/span><span style=\"font-family: Liberation Serif, serif;\"><span style=\"font-size: medium;\">le <\/span><\/span><span style=\"font-family: Liberation Serif, serif;\"><span style=\"font-size: medium;\">Collectif \u00ab\u00a0chez Josette\u00a0\u00bb, <\/span><\/span><span style=\"font-family: Liberation Serif, serif;\"><span style=\"font-size: medium;\">la <\/span><\/span><span style=\"font-family: Liberation Serif, serif;\"><span style=\"font-size: medium;\">Cimade, <\/span><\/span><span style=\"font-family: Liberation Serif, serif;\"><span style=\"font-size: medium;\">la <\/span><\/span><span style=\"font-family: Liberation Serif, serif;\"><span style=\"font-size: medium;\">CGT <\/span><\/span><span style=\"font-family: Liberation Serif, serif;\"><span style=\"font-size: medium;\">et <\/span><\/span><span style=\"font-family: Liberation Serif, serif;\"><span style=\"font-size: medium;\">la <\/span><\/span><span style=\"font-family: Liberation Serif, serif;\"><span style=\"font-size: medium;\">FSU.<\/span><\/span><\/p>\n<p align=\"justify\"><span style=\"font-family: Liberation Serif, serif;\"><span style=\"font-size: medium;\">Le gouvernement s\u2019est content\u00e9 d\u2019effets d\u2019annonce par rapport \u00e0 des modifications aux articles les plus contest\u00e9s de la loi de \u00ab\u00a0s\u00e9curit\u00e9 globale\u00a0\u00bb, <\/span><\/span><span style=\"font-family: Liberation Serif, serif;\"><span style=\"font-size: medium;\">tandis que les d\u00e9crets parus en d\u00e9cembre \u00e9tendent les possibilit\u00e9s de fichage aux opinions politiques, syndicales \u2026<\/span><\/span><\/p>\n<p align=\"justify\"><span style=\"font-family: Liberation Serif, serif;\"><span style=\"font-size: medium;\">On renforce les dispositifs de surveillance de l\u2019\u00c9tat et on affaiblit la capacit\u00e9 de la population \u00e0 surveiller l\u2019\u00c9tat\u00a0!<\/span><\/span><\/p>\n","protected":false},"excerpt":{"rendered":"<p>La F\u00e9d\u00e9ration des Ardennes du PCF appelle \u00e0 participer au rassemblement samedi 16 janvier \u00e0 11 h place ducale, initi\u00e9 par la LDH, Amnesty internationale, la Libre pens\u00e9e, le Collectif \u00ab\u00a0chez Josette\u00a0\u00bb, la Cimade, la CGT et la FSU. Le gouvernement s\u2019est content\u00e9 d\u2019effets d\u2019annonce par rapport \u00e0 des modifications aux articles les plus contest\u00e9s [&hellip;]<\/p>\n","protected":false},"author":4,"featured_media":0,"comment_status":"closed","ping_status":"open","sticky":false,"template":"","format":"standard","meta":{"saved_in_kubio":false,"footnotes":""},"categories":[1],"tags":[],"class_list":["post-721","post","type-post","status-publish","format-standard","hentry","category-non-classe"],"_links":{"self":[{"href":"https:\/\/pcf08.com\/index.php\/wp-json\/wp\/v2\/posts\/721","targetHints":{"allow":["GET"]}}],"collection":[{"href":"https:\/\/pcf08.com\/index.php\/wp-json\/wp\/v2\/posts"}],"about":[{"href":"https:\/\/pcf08.com\/index.php\/wp-json\/wp\/v2\/types\/post"}],"author":[{"embeddable":true,"href":"https:\/\/pcf08.com\/index.php\/wp-json\/wp\/v2\/users\/4"}],"replies":[{"embeddable":true,"href":"https:\/\/pcf08.com\/index.php\/wp-json\/wp\/v2\/comments?post=721"}],"version-history":[{"count":1,"href":"https:\/\/pcf08.com\/index.php\/wp-json\/wp\/v2\/posts\/721\/revisions"}],"predecessor-version":[{"id":722,"href":"https:\/\/pcf08.com\/index.php\/wp-json\/wp\/v2\/posts\/721\/revisions\/722"}],"wp:attachment":[{"href":"https:\/\/pcf08.com\/index.php\/wp-json\/wp\/v2\/media?parent=721"}],"wp:term":[{"taxonomy":"category","embeddable":true,"href":"https:\/\/pcf08.com\/index.php\/wp-json\/wp\/v2\/categories?post=721"},{"taxonomy":"post_tag","embeddable":true,"href":"https:\/\/pcf08.com\/index.php\/wp-json\/wp\/v2\/tags?post=721"}],"curies":[{"name":"wp","href":"https:\/\/api.w.org\/{rel}","templated":true}]}}