{"id":716,"date":"2021-01-14T11:12:18","date_gmt":"2021-01-14T10:12:18","guid":{"rendered":"http:\/\/pcf08.com\/?p=716"},"modified":"2021-01-14T11:12:18","modified_gmt":"2021-01-14T10:12:18","slug":"orientations-budgetaires-du-grand-est-une-vraie-politique-de-droite-masquee-par-beaucoup-desbroufe","status":"publish","type":"post","link":"https:\/\/pcf08.com\/index.php\/2021\/01\/14\/orientations-budgetaires-du-grand-est-une-vraie-politique-de-droite-masquee-par-beaucoup-desbroufe\/","title":{"rendered":"Orientations budg\u00e9taires du Grand Est\u00a0:  une vraie politique de droite masqu\u00e9e par beaucoup d\u2019esbroufe"},"content":{"rendered":"<p align=\"justify\"><span style=\"font-size: small;\"><span style=\"font-family: Liberation Serif, serif;\">Comme les autres collectivit\u00e9s, le Grand Est a r\u00e9agi par de nombreuses mesures aux difficult\u00e9s \u00e9conomiques et sociales li\u00e9es \u00e0 l<\/span><span style=\"font-family: Liberation Serif, serif;\">a COVID. <\/span><span style=\"font-family: Liberation Serif, serif;\">Les orientations <\/span><span style=\"font-family: Liberation Serif, serif;\">budg\u00e9taires<\/span><span style=\"font-family: Liberation Serif, serif;\"> r\u00e9gionales sont l\u2019occasion de pr\u00e9ciser la nature des choix faits. A d\u00e9faut de mise \u00e0 disposition \u00e0 la population de ses orientations, <\/span><span style=\"font-family: Liberation Serif, serif;\">qui permettrait un vrai d\u00e9bat d\u00e9mocratique,<\/span> <span style=\"font-family: Liberation Serif, serif;\">il est possible de voir sur internet la session du conseil r\u00e9gional et donc la<\/span><span style=\"font-family: Liberation Serif, serif;\"> pr\u00e9sentation faite <\/span><span style=\"font-family: Liberation Serif, serif;\">: beaucoup de beaux mots pour affirmer la volont\u00e9 de transition \u00e9cologique, de mettre la sant\u00e9 au premier plan, de d\u00e9velopper le num\u00e9rique. Mais au-del\u00e0 des discours, des questions se posent\u00a0: <\/span><\/span><\/p>\n<p align=\"justify\"><span style=\"font-size: small;\"><span style=\"font-family: Liberation Serif, serif;\">&#8211; quels engagements en contrepartie des aides aux entreprises\u00a0? Il n\u2019est pas acceptable que des aides soient accord\u00e9es \u00e0 des entreprises qui <\/span><span style=\"font-family: Liberation Serif, serif;\">r\u00e9duisent les emplois <\/span><span style=\"font-family: Liberation Serif, serif;\">et d\u00e9localisent<\/span><span style=\"font-family: Liberation Serif, serif;\">\u00a0!<\/span><\/span><\/p>\n<p align=\"justify\"><span style=\"font-family: Liberation Serif, serif;\"><span style=\"font-size: small;\">&#8211; quelle orientation donn\u00e9e au d\u00e9veloppement \u00e9conomique\u00a0? D\u00e9velopper pour favoriser les profits ou d\u00e9velopper pour r\u00e9pondre aux besoins de la population\u00a0?<\/span><\/span><\/p>\n<p align=\"justify\"><span style=\"font-size: small;\"><span style=\"font-family: Liberation Serif, serif;\">&#8211; <\/span><span style=\"font-family: Liberation Serif, serif;\">quelle transition \u00e9cologique\u00a0? Pour favoriser le capitalisme vert\u00a0? <\/span><span style=\"font-family: Liberation Serif, serif;\">On sait par exemple qu\u2019alors que le Conseil R\u00e9gional pr\u00e9tend d\u00e9fendre le ch\u00e2teau d\u2019eau qu\u2019est la nappe phr\u00e9atique du Sud Ouest Vosgien, rien n\u2019est fait pour limiter les pr\u00e9l\u00e8vements <\/span><span style=\"font-family: Liberation Serif, serif;\">du<\/span><span style=\"font-family: Liberation Serif, serif;\"> groupe Nes<\/span><span style=\"font-family: Liberation Serif, serif;\">t<\/span><span style=\"font-family: Liberation Serif, serif;\">l\u00e9\u00a0!<\/span><\/span><\/p>\n<p align=\"justify\"><span style=\"font-family: Liberation Serif, serif;\"><span style=\"font-size: small;\">Le Grand Est s\u2019est d\u00e9j\u00e0 tristement illustr\u00e9 par la mise en concurrence de certaines lignes de TER, une attaque sans pr\u00e9c\u00e9dent contre le service public de transport et voudrait ren\u00e9gocier avant terme sa convention avec la SNCF. Toutes les inqui\u00e9tudes sont permises.<\/span><\/span><\/p>\n<p align=\"justify\"><span style=\"font-size: small;\"><span style=\"font-family: Liberation Serif, serif;\">Les orientations budg\u00e9taires annoncent une diminution de 11\u00a0% des d\u00e9penses de fonctionnement, <\/span><span style=\"font-family: Liberation Serif, serif;\">comme un bel effort, sauf que cela concerne ses personnels, les agents des lyc\u00e9es. Est ce une politique sociale\u00a0?<\/span><\/span><\/p>\n<p align=\"justify\"><span style=\"font-size: small;\"><span style=\"font-family: Liberation Serif, serif;\">Le Grand Est a publi\u00e9 en d\u00e9cembre sa feuille de route sant\u00e9. Elle est dans le m\u00eame style, en 129 pages, \u00e9talant le r\u00f4le de la transition \u00e9cologique pour la sant\u00e9. <\/span><span style=\"font-family: Liberation Serif, serif;\">Mais le Conseil R\u00e9gional remplit si peu son r\u00f4le dans ce qui est sa comp\u00e9tence en sant\u00e9, la formation des professions param\u00e9dicales, que l\u2019Agence R\u00e9gionale de sant\u00e9 finance des formations \u2026 sur de l\u2019argent de la S\u00e9curit\u00e9 Sociale\u00a0!<\/span><\/span><\/p>\n<p align=\"justify\"><span style=\"font-family: Liberation Serif, serif;\"><span style=\"font-size: small;\">Ce sont des actes qui sont n\u00e9cessaires, pas des paroles\u00a0!<\/span><\/span><\/p>\n<p align=\"right\"><span style=\"font-family: Liberation Serif, serif;\"><span style=\"font-size: medium;\">Mich\u00e8le LEFLON<\/span><\/span><\/p>\n","protected":false},"excerpt":{"rendered":"<p>Comme les autres collectivit\u00e9s, le Grand Est a r\u00e9agi par de nombreuses mesures aux difficult\u00e9s \u00e9conomiques et sociales li\u00e9es \u00e0 la COVID. Les orientations budg\u00e9taires r\u00e9gionales sont l\u2019occasion de pr\u00e9ciser la nature des choix faits. A d\u00e9faut de mise \u00e0 disposition \u00e0 la population de ses orientations, qui permettrait un vrai d\u00e9bat d\u00e9mocratique, il est [&hellip;]<\/p>\n","protected":false},"author":4,"featured_media":0,"comment_status":"closed","ping_status":"open","sticky":false,"template":"","format":"standard","meta":{"saved_in_kubio":false,"footnotes":""},"categories":[1],"tags":[],"class_list":["post-716","post","type-post","status-publish","format-standard","hentry","category-non-classe"],"_links":{"self":[{"href":"https:\/\/pcf08.com\/index.php\/wp-json\/wp\/v2\/posts\/716","targetHints":{"allow":["GET"]}}],"collection":[{"href":"https:\/\/pcf08.com\/index.php\/wp-json\/wp\/v2\/posts"}],"about":[{"href":"https:\/\/pcf08.com\/index.php\/wp-json\/wp\/v2\/types\/post"}],"author":[{"embeddable":true,"href":"https:\/\/pcf08.com\/index.php\/wp-json\/wp\/v2\/users\/4"}],"replies":[{"embeddable":true,"href":"https:\/\/pcf08.com\/index.php\/wp-json\/wp\/v2\/comments?post=716"}],"version-history":[{"count":1,"href":"https:\/\/pcf08.com\/index.php\/wp-json\/wp\/v2\/posts\/716\/revisions"}],"predecessor-version":[{"id":720,"href":"https:\/\/pcf08.com\/index.php\/wp-json\/wp\/v2\/posts\/716\/revisions\/720"}],"wp:attachment":[{"href":"https:\/\/pcf08.com\/index.php\/wp-json\/wp\/v2\/media?parent=716"}],"wp:term":[{"taxonomy":"category","embeddable":true,"href":"https:\/\/pcf08.com\/index.php\/wp-json\/wp\/v2\/categories?post=716"},{"taxonomy":"post_tag","embeddable":true,"href":"https:\/\/pcf08.com\/index.php\/wp-json\/wp\/v2\/tags?post=716"}],"curies":[{"name":"wp","href":"https:\/\/api.w.org\/{rel}","templated":true}]}}