{"id":707,"date":"2021-01-14T11:03:06","date_gmt":"2021-01-14T10:03:06","guid":{"rendered":"http:\/\/pcf08.com\/?p=707"},"modified":"2021-01-14T11:03:06","modified_gmt":"2021-01-14T10:03:06","slug":"au-revoir-donald","status":"publish","type":"post","link":"https:\/\/pcf08.com\/index.php\/2021\/01\/14\/au-revoir-donald\/","title":{"rendered":"Au revoir Donald"},"content":{"rendered":"<p align=\"justify\"><span style=\"font-family: Times New Roman, serif;\"><img loading=\"lazy\" decoding=\"async\" class=\"size-medium wp-image-708 alignleft\" src=\"https:\/\/pcf08.com\/wp-content\/uploads\/2021\/01\/visuel_usa-300x184.jpg\" alt=\"\" width=\"300\" height=\"184\" \/>Apr\u00e8s avoir s\u00e9vi 4 ans au sein des USA et du monde, Donald Trump montre ses muscles en utilisant sa derni\u00e8re carte avec son fan-club de milice fasciste. Lanc\u00e9es \u00e0 l&rsquo;assaut des institutions am\u00e9ricaines et dans les rues du pays, ses troupes fanatis\u00e9es et assoiff\u00e9es de violence veulent plonger le pays dans la tourmente. <\/span><\/p>\n<p align=\"justify\"><span style=\"font-family: Times New Roman, serif;\">S&rsquo;attaquer \u00e0 un Parlement rel\u00e8ve d&rsquo;une atteinte grave \u00e0 la d\u00e9mocratie, m\u00eame quand celle-ci est affaiblie par la domination de puissances financi\u00e8res. Ce si grand pays donneur de le\u00e7on, ne devrait-il pas regarder devant sa propre porte ? <\/span><\/p>\n<p align=\"justify\"><span style=\"font-family: Times New Roman, serif;\">Les \u00e9lu.e.s d\u00e9mocrates demandent \u00e0 utiliser l\u2019article 2 de la Constitution des \u00c9tats-Unis d\u2019Am\u00e9rique, qui stipule, dans sa section 4 : \u00ab <i>Le pr\u00e9sident, le vice-pr\u00e9sident et tous les fonctionnaires civils des \u00c9tats-Unis seront destitu\u00e9s de leurs charges sur mise en accusation et condamnation pour trahison, corruption ou autres crimes et d\u00e9lits majeurs.<\/i> \u00bb <\/span><\/p>\n<p align=\"justify\"><span style=\"font-family: Times New Roman, serif;\">N\u2019aurait il pas \u00e9t\u00e9 judicieux de le faire avant ? Son mandat a marqu\u00e9 par le racisme (oppression de la communaut\u00e9 Afro-Am\u00e9ricaine, des latinos\u2026), la violence, les d\u00e9rapages m\u00e9diatiques, les tweets incendiaires, la corruption mais aussi, les bavures polici\u00e8res. A l\u2019international, Donald Trump a tent\u00e9 d\u2019intimider nombre d\u2019\u00c9tats qui refusaient de se soumettre \u00e0 l\u2019imp\u00e9rialisme \u00e9tats-unien\u00a0: le blocus de Cuba et l\u2019interf\u00e9rence dans les affaires des pays d\u2019Am\u00e9rique du sud comme le Venezuela ont \u00e9t\u00e9 les grands th\u00e8mes de son gouvernement, un gouvernement qui ose parler \u201clibert\u00e9\u201d mais fait de la r\u00e9pression totalitaire. Ironique n\u2019est-ce pas ? <\/span><\/p>\n<p align=\"justify\"><span style=\"font-family: Times New Roman, serif;\">Cette invasion du Capitole restera-t-elle dans les cahiers de l\u2019histoire comme t\u00e9moignage des d\u00e9rives possibles d\u2019un dirigeant fascisant\u00a0?<\/span><\/p>\n<p align=\"justify\"><span style=\"font-family: Times New Roman, serif;\">Arr\u00eat<\/span><span style=\"font-family: Times New Roman, serif;\">ons<\/span><span style=\"font-family: Times New Roman, serif;\"> d\u2019\u00e9couter l<\/span><span style=\"font-family: Times New Roman, serif;\">a bourgeoisie<\/span><span style=\"font-family: Times New Roman, serif;\"> qui <\/span><span style=\"font-family: Times New Roman, serif;\">souhaite<\/span><span style=\"font-family: Times New Roman, serif;\"> instaurer <\/span><span style=\"font-family: Times New Roman, serif;\">la division entre les travailleurs <\/span><span style=\"font-family: Times New Roman, serif;\">via les groupes n\u00e9ofascistes <\/span><span style=\"font-family: Times New Roman, serif;\">pour maintenir son pouvoir.<\/span><\/p>\n","protected":false},"excerpt":{"rendered":"<p>Apr\u00e8s avoir s\u00e9vi 4 ans au sein des USA et du monde, Donald Trump montre ses muscles en utilisant sa derni\u00e8re carte avec son fan-club de milice fasciste. Lanc\u00e9es \u00e0 l&rsquo;assaut des institutions am\u00e9ricaines et dans les rues du pays, ses troupes fanatis\u00e9es et assoiff\u00e9es de violence veulent plonger le pays dans la tourmente. S&rsquo;attaquer [&hellip;]<\/p>\n","protected":false},"author":4,"featured_media":0,"comment_status":"closed","ping_status":"open","sticky":false,"template":"","format":"standard","meta":{"saved_in_kubio":false,"footnotes":""},"categories":[1],"tags":[],"class_list":["post-707","post","type-post","status-publish","format-standard","hentry","category-non-classe"],"_links":{"self":[{"href":"https:\/\/pcf08.com\/index.php\/wp-json\/wp\/v2\/posts\/707","targetHints":{"allow":["GET"]}}],"collection":[{"href":"https:\/\/pcf08.com\/index.php\/wp-json\/wp\/v2\/posts"}],"about":[{"href":"https:\/\/pcf08.com\/index.php\/wp-json\/wp\/v2\/types\/post"}],"author":[{"embeddable":true,"href":"https:\/\/pcf08.com\/index.php\/wp-json\/wp\/v2\/users\/4"}],"replies":[{"embeddable":true,"href":"https:\/\/pcf08.com\/index.php\/wp-json\/wp\/v2\/comments?post=707"}],"version-history":[{"count":1,"href":"https:\/\/pcf08.com\/index.php\/wp-json\/wp\/v2\/posts\/707\/revisions"}],"predecessor-version":[{"id":709,"href":"https:\/\/pcf08.com\/index.php\/wp-json\/wp\/v2\/posts\/707\/revisions\/709"}],"wp:attachment":[{"href":"https:\/\/pcf08.com\/index.php\/wp-json\/wp\/v2\/media?parent=707"}],"wp:term":[{"taxonomy":"category","embeddable":true,"href":"https:\/\/pcf08.com\/index.php\/wp-json\/wp\/v2\/categories?post=707"},{"taxonomy":"post_tag","embeddable":true,"href":"https:\/\/pcf08.com\/index.php\/wp-json\/wp\/v2\/tags?post=707"}],"curies":[{"name":"wp","href":"https:\/\/api.w.org\/{rel}","templated":true}]}}