{"id":698,"date":"2021-01-07T11:05:39","date_gmt":"2021-01-07T10:05:39","guid":{"rendered":"http:\/\/pcf08.com\/?p=698"},"modified":"2021-01-07T11:05:39","modified_gmt":"2021-01-07T10:05:39","slug":"centenaire-du-pcf-4-4-pcf-le-renouvellement-constant","status":"publish","type":"post","link":"https:\/\/pcf08.com\/index.php\/2021\/01\/07\/centenaire-du-pcf-4-4-pcf-le-renouvellement-constant\/","title":{"rendered":"Centenaire du PCF \u2013 4\/4\u00a0: PCF\u00a0: le renouvellement constant\u00a0!"},"content":{"rendered":"<p align=\"justify\"><span style=\"font-family: Times New Roman, serif;\"><span style=\"font-size: medium;\"><img loading=\"lazy\" decoding=\"async\" class=\"size-medium wp-image-699 alignleft\" src=\"https:\/\/pcf08.com\/wp-content\/uploads\/2021\/01\/quelleconnerie-1-216x300.jpg\" alt=\"\" width=\"216\" height=\"300\" \/>Le PCF entame sa 101\u00e8me ann\u00e9e\u00a0! Avec toujours le m\u00eame objectif, l\u2019\u00e9mancipation humaine, la fin des dominations, cela passant par le d\u00e9passement du capitalisme et de la lutte des classes pour une soci\u00e9t\u00e9 d\u2019\u00e9gaux\u00a0!<\/span><\/span><\/p>\n<p align=\"justify\"><span style=\"font-size: medium;\"><span style=\"font-family: Times New Roman, serif;\">D\u2019autres constantes ont permis de traverser le si\u00e8cle\u00a0: un parti de militants et non d\u2019\u00e9lus, m\u00eame si le PCF n\u2019a jamais rechign\u00e9 <\/span><span style=\"font-family: Times New Roman, serif;\">\u00e0 en <\/span><span style=\"font-family: Times New Roman, serif;\">avoir pour mettre en pratique ses id\u00e9aux, un parti solidement implant\u00e9 dans les classes populaires, m\u00eame si l\u2019\u00e9l\u00e9vation globale du niveau de formation en a transform\u00e9 la sociologie\u00a0: cela l\u2019a conduit \u00e0 faire de la formation une priorit\u00e9 pour que les ouvriers, les employ\u00e9s puissent parler d\u2019\u00e9gal \u00e0 \u00e9gal avec les \u00e9lus de <\/span><span style=\"font-family: Times New Roman, serif;\">la bourgeoisie<\/span><span style=\"font-family: Times New Roman, serif;\">, une priorit\u00e9 aussi pour renouveler ses cadres et assurer l\u2019avenir. Et m\u00eame s\u2019il y a eu une p\u00e9riode de repli en lien avec l<\/span><span style=\"color: #000000;\"><span style=\"font-family: Times New Roman, serif;\"><span lang=\"fr-FR\">a situation sovi\u00e9tique, c\u2019est un parti qui a toujours fait une place importante aux femmes et s\u2019est engag\u00e9 dans les luttes f\u00e9ministes.<\/span><\/span><\/span><\/span><\/p>\n<p align=\"justify\"><span style=\"color: #000000;\"><span style=\"font-family: Times New Roman, serif;\"><span style=\"font-size: medium;\">Il n\u2019est pas possible de parler du PCF sans parler de l\u2019Humanit\u00e9\u00a0: le journal de Jaur\u00e8s est devenu celui du PCF apr\u00e8s le congr\u00e8s de Tours. S\u2019il n\u2019est plus depuis les ann\u00e9es 90 l\u2019organe central du PCF, il reste le journal des communistes\u00a0: il a et continue d\u2019assurer un r\u00f4le de formation, de diffusion des id\u00e9es, une aide au militantisme et un soutien aux luttes sociales. L\u2019importance et la qualit\u00e9 de ses pages culturelles sont reconnues bien au-del\u00e0 des rangs communistes\u00a0: c\u2019est indissociable de la volont\u00e9 d\u2019\u00e9mancipation humaine\u00a0!<\/span><\/span><\/span><\/p>\n<p align=\"justify\"><span style=\"color: #000000;\"><span style=\"font-family: Times New Roman, serif;\"><span style=\"font-size: medium;\">Des constantes, mais aussi bien sur des transformations profondes du parti au cours de ce si\u00e8cle d\u2019existence\u00a0: partir du r\u00e9el pour le transformer, telle a toujours \u00e9t\u00e9 la volont\u00e9 politique. La tactique \u00ab\u00a0classe contre classe\u00a0\u00bb de la fin des ann\u00e9es 20 devient strat\u00e9gie de front populaire antifasciste en 1935 qui d\u00e9bouchera sur le Front Populaire et les acquis des gr\u00e8ves de 36. C\u2019est l\u2019ancrage populaire du PCF, le courage de ses militants qui lui a permis de jouer son r\u00f4le essentiel dans la r\u00e9sistance. A la lib\u00e9ration il a pour la premi\u00e8re fois des ministres avec un bilan qui a transform\u00e9 notre soci\u00e9t\u00e9 et perdure jusqu\u2019\u00e0 aujourd\u2019hui, en particulier avec la S\u00e9curit\u00e9 Sociale, b\u00e2tie par Ambroise Croizat. Tandis que le soutien aux luttes anti-coloniales est au devant de la sc\u00e8ne avec l\u2019Indochine puis l\u2019Alg\u00e9rie, les d\u00e9cennies suivant la seconde guerre mondiale sont aussi celles d\u2019un \u00e9loignement progressif des politiques sovi\u00e9tiques, non sans d\u00e9bats internes, apparaissant au grand jour avec la d\u00e9nonciation de l\u2019occupation de la Tch\u00e9coslovaquie par l\u2019URSS en 1968. Le PCF cherche la voie de l\u2019union pour transformer la politique fran\u00e7aise et la d\u00e9cennie 70 est marqu\u00e9e du signe de l\u2019espoir, espoir d\u2019un parti en d\u00e9veloppement, symbolis\u00e9 par le nouveau si\u00e8ge place du colonel Fabien en 1971, espoir d\u2019un changement avec la signature du programme commun en 1972. Les exp\u00e9riences vont d\u00e9cevoir\u00a0: celle de 81 brutalement arr\u00eat\u00e9e par le tournant de la rigueur, celle de la gauche plurielle tout autant.<\/span><\/span><\/span><\/p>\n<p align=\"justify\"><span style=\"color: #000000;\"><span style=\"font-family: Times New Roman, serif;\"><span style=\"font-size: medium;\">Les communistes cherchent leur strat\u00e9gie dans une soci\u00e9t\u00e9 o\u00f9 l\u2019aggravation des contradictions du capitalisme rend des novations indispensables\u00a0: prendre en compte la crise \u00e9cologique indissociable du capitalisme, s\u2019attaquer \u00e0 la racine du mal, le capital car si le XX\u00e8me si\u00e8cle a vu le triomphe de la notion d\u2019\u00c9tat c\u2019est maintenant pratiquement \u00e0 Wall Street ou \u00e0 Francfort que se prennent les d\u00e9cisions qui changent la face du monde \u2026 et la vie de nos concitoyens\u00a0! C\u2019est pour cela qu\u2019est n\u00e9cessaire une force politique qui mette \u00e0 l\u2019ordre du jour la conqu\u00eate de pouvoirs, non seulement dans les institutions parlementaires ou locales mais aussi dans ces institutions proprement politiques que sont les entreprises et les banques. Et cela, seul le PCF est capable de le faire, avec son r\u00e9seau de militants\u00a0: l\u2019avenir est devant nous\u00a0!<\/span><\/span><\/span><\/p>\n<p align=\"right\"><span style=\"font-family: Times New Roman, serif;\"><span style=\"font-size: medium;\">Mich\u00e8le LEFLON<\/span><\/span><\/p>\n","protected":false},"excerpt":{"rendered":"<p>Le PCF entame sa 101\u00e8me ann\u00e9e\u00a0! Avec toujours le m\u00eame objectif, l\u2019\u00e9mancipation humaine, la fin des dominations, cela passant par le d\u00e9passement du capitalisme et de la lutte des classes pour une soci\u00e9t\u00e9 d\u2019\u00e9gaux\u00a0! D\u2019autres constantes ont permis de traverser le si\u00e8cle\u00a0: un parti de militants et non d\u2019\u00e9lus, m\u00eame si le PCF n\u2019a jamais [&hellip;]<\/p>\n","protected":false},"author":4,"featured_media":0,"comment_status":"closed","ping_status":"open","sticky":false,"template":"","format":"standard","meta":{"saved_in_kubio":false,"footnotes":""},"categories":[1],"tags":[],"class_list":["post-698","post","type-post","status-publish","format-standard","hentry","category-non-classe"],"_links":{"self":[{"href":"https:\/\/pcf08.com\/index.php\/wp-json\/wp\/v2\/posts\/698","targetHints":{"allow":["GET"]}}],"collection":[{"href":"https:\/\/pcf08.com\/index.php\/wp-json\/wp\/v2\/posts"}],"about":[{"href":"https:\/\/pcf08.com\/index.php\/wp-json\/wp\/v2\/types\/post"}],"author":[{"embeddable":true,"href":"https:\/\/pcf08.com\/index.php\/wp-json\/wp\/v2\/users\/4"}],"replies":[{"embeddable":true,"href":"https:\/\/pcf08.com\/index.php\/wp-json\/wp\/v2\/comments?post=698"}],"version-history":[{"count":1,"href":"https:\/\/pcf08.com\/index.php\/wp-json\/wp\/v2\/posts\/698\/revisions"}],"predecessor-version":[{"id":700,"href":"https:\/\/pcf08.com\/index.php\/wp-json\/wp\/v2\/posts\/698\/revisions\/700"}],"wp:attachment":[{"href":"https:\/\/pcf08.com\/index.php\/wp-json\/wp\/v2\/media?parent=698"}],"wp:term":[{"taxonomy":"category","embeddable":true,"href":"https:\/\/pcf08.com\/index.php\/wp-json\/wp\/v2\/categories?post=698"},{"taxonomy":"post_tag","embeddable":true,"href":"https:\/\/pcf08.com\/index.php\/wp-json\/wp\/v2\/tags?post=698"}],"curies":[{"name":"wp","href":"https:\/\/api.w.org\/{rel}","templated":true}]}}