{"id":685,"date":"2020-12-17T11:57:39","date_gmt":"2020-12-17T10:57:39","guid":{"rendered":"http:\/\/pcf08.com\/?p=685"},"modified":"2020-12-17T11:57:39","modified_gmt":"2020-12-17T10:57:39","slug":"projet-hercule-demantelement-et-privatisation-dun-service-public","status":"publish","type":"post","link":"https:\/\/pcf08.com\/index.php\/2020\/12\/17\/projet-hercule-demantelement-et-privatisation-dun-service-public\/","title":{"rendered":"Projet HERCULE = D\u00c9MANT\u00c8LEMENT et PRIVATISATION d\u2019un SERVICE PUBLIC"},"content":{"rendered":"<p align=\"justify\"><span style=\"font-family: Liberation Serif, serif;\"><span style=\"font-size: small;\"><img loading=\"lazy\" decoding=\"async\" class=\"size-medium wp-image-686 alignleft\" src=\"https:\/\/pcf08.com\/wp-content\/uploads\/2020\/12\/Privatisation-EDF-300x212.png\" alt=\"\" width=\"300\" height=\"212\" srcset=\"https:\/\/pcf08.com\/wp-content\/uploads\/2020\/12\/Privatisation-EDF-300x212.png 300w, https:\/\/pcf08.com\/wp-content\/uploads\/2020\/12\/Privatisation-EDF-768x543.png 768w, https:\/\/pcf08.com\/wp-content\/uploads\/2020\/12\/Privatisation-EDF.png 960w\" sizes=\"(max-width: 300px) 100vw, 300px\" \/>La volont\u00e9 du gouvernement fig\u00e9 dans une vision lib\u00e9rale de l\u2019\u00e9conomie est aujourd\u2019hui de <b>d\u00e9manteler EDF<\/b> en s\u00e9parant le nucl\u00e9aire, les r\u00e9seaux et les autres activit\u00e9s d\u2019EDF pour pouvoir c\u00e9der des pans entiers d\u2019activit\u00e9s au priv\u00e9.<\/span><\/span><\/p>\n<p align=\"justify\"><span style=\"font-family: Liberation Serif, serif;\"><span style=\"font-size: small;\">L&rsquo;ouverture du march\u00e9 \u00e0 la concurrence a profond\u00e9ment boulevers\u00e9 le Service Public de l&rsquo;\u00e9nergie, l&rsquo;organisation et la structure des entreprises. <\/span><\/span><\/p>\n<p align=\"justify\"><span style=\"font-family: Liberation Serif, serif;\"><span style=\"font-size: small;\">Depuis la cr\u00e9ation d\u2019EDF SA en 2004, <b>l\u2019implication des salari\u00e9s<\/b> dans leur travail a permis \u00e0 <b>l\u2019\u00c9tat de percevoir plus de 22 Md \u20ac de dividendes.<\/b> Le locataire de l\u2019Elys\u00e9e aurait pu s\u2019interroger sur la juste r\u00e9partition de ces richesses cr\u00e9\u00e9es, mais NON, il pr\u00e9f\u00e8re passer \u00e0 la vitesse sup\u00e9rieure pour augmenter davantage la r\u00e9mun\u00e9ration des actionnaires\u2026 <\/span><\/span><\/p>\n<p align=\"justify\"><span style=\"font-family: Liberation Serif, serif;\"><span style=\"font-size: small;\"><b>En isolant<\/b> dans une <b>entit\u00e9 \u00a0\u00bb EDF Bleu \u00ab\u00a0<\/b> : la production pilotable d\u2019\u00e9lectricit\u00e9 (nucl\u00e9aire, hydraulique\u2026) et dans une autre <b>entit\u00e9 \u00a0\u00bb EDF Vert \u00ab\u00a0<\/b> tout le reste, avec pour chacune de ces entit\u00e9s <b>une part plus ou moins importante de l\u2019\u00c9tat \u00e0 son capital<\/b>, <u>le gouvernement<\/u><u> vise une op\u00e9ration hautement financi\u00e8re qui ferait passer le scandale de la privatisation des autoroutes pour de la pacotille\u00a0!!!<\/u><\/span><\/span><\/p>\n<p align=\"justify\"><span style=\"font-family: Liberation Serif, serif;\"><span style=\"font-size: small;\"><b>S\u2019il parvenait \u00e0 ses fins, il n\u2019y aurait plus de mutualisation des risques \u00e0 EDF<\/b>. Un nouveau pas serait franchi vers plus de lib\u00e9ralisation et de privatisation de l\u2019entreprise int\u00e9gr\u00e9e EDF : une privatisation des profits et une socialisation des risques.<\/span><\/span><\/p>\n<p align=\"justify\"><span style=\"font-family: Liberation Serif, serif;\"><span style=\"font-size: small;\">En effet, l\u2019entit\u00e9 <b>\u00a0\u00bb EDF Vert \u00ab\u00a0<\/b> regrouperait certaines <b>activit\u00e9s tr\u00e8s rentables<\/b>, comme celle <b>de la distribution d\u2019\u00e9lectricit\u00e9 op\u00e9r\u00e9e par Enedis<\/b>, et serait constitu\u00e9e d&rsquo;une part plus importante d\u2019investissements priv\u00e9s sans risques. Les financiers sont plus r\u00e9put\u00e9s pour leur app\u00e9tit de profits que pour leur soif du service public.<\/span><\/span><\/p>\n<p align=\"justify\"><span style=\"font-family: Liberation Serif, serif;\"><span style=\"font-size: small;\">Depuis maintenant plusieurs semaines, le Syndicat CGT Energies Ardennes et les agents sont mobilis\u00e9s pour faire entendre leur voix\u00a0d\u2019opposition \u00e0 la d\u00e9sint\u00e9gration des entreprises historiques EDF et ENGIE du secteur\u00a0\u00e9nerg\u00e9tique. Ils sont\u00a0oppos\u00e9s au d\u00e9mant\u00e8lement des entreprises de l\u2019\u00e9nergie, \u00e0 la fin de la\u00a0p\u00e9r\u00e9quation tarifaire\u00a0et de la fili\u00e8re biogaz.<\/span><\/span><\/p>\n<p align=\"justify\"><span style=\"font-family: Liberation Serif, serif;\"><span style=\"font-size: small;\"><b>Pour la CGT, l\u2019\u00e9lectricit\u00e9 et le gaz sont des biens de premi\u00e8res n\u00e9cessit\u00e9s indispensables pour vivre dignement et sont \u00e9galement des \u00e9l\u00e9ments majeurs de lutte contre le r\u00e9chauffement climatique.<\/b><\/span><\/span><\/p>\n<p align=\"justify\"><span style=\"font-family: Liberation Serif, serif;\"><span style=\"font-size: small;\">C\u2019est pour cela qu\u2019elle propose un projet pour un Service Public de l\u2019\u00e9nergie, garant de la coh\u00e9sion sociale, de l\u2019\u00e9galit\u00e9 de traitement, de la solidarit\u00e9, de la protection de l\u2019environnement, et de la meilleure qualit\u00e9 au moindre co\u00fbt ainsi que la mise en place d\u2019un p\u00f4le public de l\u2019\u00e9nergie pour g\u00e9rer et organiser d\u00e9mocratiquement le Service Public pour l\u2019int\u00e9r\u00eat g\u00e9n\u00e9ral.<\/span><\/span><\/p>\n<p align=\"right\"><span style=\"font-family: Liberation Serif, serif;\"><span style=\"font-size: small;\">M\u00e9lanie MARTINET<\/span><\/span><\/p>\n","protected":false},"excerpt":{"rendered":"<p>La volont\u00e9 du gouvernement fig\u00e9 dans une vision lib\u00e9rale de l\u2019\u00e9conomie est aujourd\u2019hui de d\u00e9manteler EDF en s\u00e9parant le nucl\u00e9aire, les r\u00e9seaux et les autres activit\u00e9s d\u2019EDF pour pouvoir c\u00e9der des pans entiers d\u2019activit\u00e9s au priv\u00e9. L&rsquo;ouverture du march\u00e9 \u00e0 la concurrence a profond\u00e9ment boulevers\u00e9 le Service Public de l&rsquo;\u00e9nergie, l&rsquo;organisation et la structure des [&hellip;]<\/p>\n","protected":false},"author":4,"featured_media":0,"comment_status":"closed","ping_status":"open","sticky":false,"template":"","format":"standard","meta":{"saved_in_kubio":false,"footnotes":""},"categories":[1],"tags":[],"class_list":["post-685","post","type-post","status-publish","format-standard","hentry","category-non-classe"],"_links":{"self":[{"href":"https:\/\/pcf08.com\/index.php\/wp-json\/wp\/v2\/posts\/685","targetHints":{"allow":["GET"]}}],"collection":[{"href":"https:\/\/pcf08.com\/index.php\/wp-json\/wp\/v2\/posts"}],"about":[{"href":"https:\/\/pcf08.com\/index.php\/wp-json\/wp\/v2\/types\/post"}],"author":[{"embeddable":true,"href":"https:\/\/pcf08.com\/index.php\/wp-json\/wp\/v2\/users\/4"}],"replies":[{"embeddable":true,"href":"https:\/\/pcf08.com\/index.php\/wp-json\/wp\/v2\/comments?post=685"}],"version-history":[{"count":1,"href":"https:\/\/pcf08.com\/index.php\/wp-json\/wp\/v2\/posts\/685\/revisions"}],"predecessor-version":[{"id":687,"href":"https:\/\/pcf08.com\/index.php\/wp-json\/wp\/v2\/posts\/685\/revisions\/687"}],"wp:attachment":[{"href":"https:\/\/pcf08.com\/index.php\/wp-json\/wp\/v2\/media?parent=685"}],"wp:term":[{"taxonomy":"category","embeddable":true,"href":"https:\/\/pcf08.com\/index.php\/wp-json\/wp\/v2\/categories?post=685"},{"taxonomy":"post_tag","embeddable":true,"href":"https:\/\/pcf08.com\/index.php\/wp-json\/wp\/v2\/tags?post=685"}],"curies":[{"name":"wp","href":"https:\/\/api.w.org\/{rel}","templated":true}]}}