{"id":673,"date":"2020-12-17T11:38:40","date_gmt":"2020-12-17T10:38:40","guid":{"rendered":"http:\/\/pcf08.com\/?p=673"},"modified":"2020-12-17T11:38:40","modified_gmt":"2020-12-17T10:38:40","slug":"pas-demancipation-politique-sans-emancipation-culturelle","status":"publish","type":"post","link":"https:\/\/pcf08.com\/index.php\/2020\/12\/17\/pas-demancipation-politique-sans-emancipation-culturelle\/","title":{"rendered":"Pas d\u2019\u00e9mancipation\u00a0politique sans \u00e9mancipation culturelle"},"content":{"rendered":"<p align=\"justify\"><span style=\"font-family: Liberation Serif, serif;\"><span style=\"font-size: medium;\"><img loading=\"lazy\" decoding=\"async\" class=\"size-medium wp-image-674 alignleft\" src=\"https:\/\/pcf08.com\/wp-content\/uploads\/2020\/12\/culture--300x225.jpg\" alt=\"\" width=\"300\" height=\"225\" srcset=\"https:\/\/pcf08.com\/wp-content\/uploads\/2020\/12\/culture--300x225.jpg 300w, https:\/\/pcf08.com\/wp-content\/uploads\/2020\/12\/culture--768x576.jpg 768w, https:\/\/pcf08.com\/wp-content\/uploads\/2020\/12\/culture-.jpg 800w\" sizes=\"(max-width: 300px) 100vw, 300px\" \/>Cin\u00e9mas, th\u00e9\u00e2tres, mus\u00e9es\u2026 ferm\u00e9s. Le spectacle vivant n\u2019a rien d\u2019essentiel pour ce gouvernement. Le monde de la culture est m\u00e9pris\u00e9\u00a0!<\/span><\/span><\/p>\n<p align=\"justify\"><span style=\"font-family: Liberation Serif, serif;\"><span style=\"font-size: medium;\">Comment est-il encore possible, \u00e0 ce point de l\u2019\u00e9pid\u00e9mie, de laisser croire qu\u2019une foule serait non contagieuse dans une grande surface, mais dangereuse dans une salle de spectacle, o\u00f9 les mesures sanitaires, d\u2019une rigueur absolue sont appliqu\u00e9es\u2009?<\/span><\/span><\/p>\n<p align=\"justify\"><span style=\"font-family: Liberation Serif, serif;\"><span style=\"font-size: medium;\">En cette p\u00e9riode sombre de crises durables o\u00f9 le lien social se d\u00e9lie chaque jour un peu plus, l\u2019acc\u00e8s \u00e0 la culture est tout le contraire d\u2019un suppl\u00e9ment d\u2019\u00e2me, mais ce qui nous constitue fondamentalement. <\/span><\/span><\/p>\n<p align=\"justify\"><span style=\"font-family: Liberation Serif, serif;\"><span style=\"font-size: medium;\">Le monde de la culture \u2013 gage majeur de d\u00e9mocratie et antidote puissant aux d\u00e9rives liberticides \u2013 s\u2019attendait \u00e0 (re)devenir une priorit\u00e9, non un \u00ab\u2009produit\u2009\u00bb de consommation r\u00e9ductible au mercantilisme et au pouvoir de l\u2019argent. <\/span><\/span><\/p>\n<p align=\"justify\"><span style=\"font-family: Liberation Serif, serif;\"><span style=\"font-size: medium;\">Le mardi 15 d\u00e9cembre, dans toute la France le monde de la culture a fait entendre sa col\u00e8re, les communistes sont et seront toujours de ce combat aux cot\u00e9s de celles et de ceux qui nous ouvrent la possibilit\u00e9 du beau et du sens \u00e0 travers les arts et la culture. Cela est essentiel. Au fil des ans, de nombreux intellectuels et artistes ont \u00e9t\u00e9 compagnons de route du PCF\u00a0: Aragon, Ferrat, Picasso&#8230;<\/span><\/span><\/p>\n<p align=\"justify\"><span style=\"font-family: Liberation Serif, serif;\"><span style=\"font-size: medium;\">Parce que la d\u00e9fense de la libert\u00e9 de cr\u00e9ation et de la culture pour tous est dans le droit fil de notre histoire, nous la d\u00e9fendons avec toutes les composantes du monde de l\u2019art, de la culture et de l\u2019\u00e9ducation\u00a0populaire.<\/span><\/span><\/p>\n","protected":false},"excerpt":{"rendered":"<p>Cin\u00e9mas, th\u00e9\u00e2tres, mus\u00e9es\u2026 ferm\u00e9s. Le spectacle vivant n\u2019a rien d\u2019essentiel pour ce gouvernement. Le monde de la culture est m\u00e9pris\u00e9\u00a0! Comment est-il encore possible, \u00e0 ce point de l\u2019\u00e9pid\u00e9mie, de laisser croire qu\u2019une foule serait non contagieuse dans une grande surface, mais dangereuse dans une salle de spectacle, o\u00f9 les mesures sanitaires, d\u2019une rigueur absolue [&hellip;]<\/p>\n","protected":false},"author":4,"featured_media":0,"comment_status":"closed","ping_status":"open","sticky":false,"template":"","format":"standard","meta":{"saved_in_kubio":false,"footnotes":""},"categories":[1],"tags":[],"class_list":["post-673","post","type-post","status-publish","format-standard","hentry","category-non-classe"],"_links":{"self":[{"href":"https:\/\/pcf08.com\/index.php\/wp-json\/wp\/v2\/posts\/673","targetHints":{"allow":["GET"]}}],"collection":[{"href":"https:\/\/pcf08.com\/index.php\/wp-json\/wp\/v2\/posts"}],"about":[{"href":"https:\/\/pcf08.com\/index.php\/wp-json\/wp\/v2\/types\/post"}],"author":[{"embeddable":true,"href":"https:\/\/pcf08.com\/index.php\/wp-json\/wp\/v2\/users\/4"}],"replies":[{"embeddable":true,"href":"https:\/\/pcf08.com\/index.php\/wp-json\/wp\/v2\/comments?post=673"}],"version-history":[{"count":1,"href":"https:\/\/pcf08.com\/index.php\/wp-json\/wp\/v2\/posts\/673\/revisions"}],"predecessor-version":[{"id":675,"href":"https:\/\/pcf08.com\/index.php\/wp-json\/wp\/v2\/posts\/673\/revisions\/675"}],"wp:attachment":[{"href":"https:\/\/pcf08.com\/index.php\/wp-json\/wp\/v2\/media?parent=673"}],"wp:term":[{"taxonomy":"category","embeddable":true,"href":"https:\/\/pcf08.com\/index.php\/wp-json\/wp\/v2\/categories?post=673"},{"taxonomy":"post_tag","embeddable":true,"href":"https:\/\/pcf08.com\/index.php\/wp-json\/wp\/v2\/tags?post=673"}],"curies":[{"name":"wp","href":"https:\/\/api.w.org\/{rel}","templated":true}]}}