{"id":663,"date":"2020-12-10T11:40:42","date_gmt":"2020-12-10T10:40:42","guid":{"rendered":"http:\/\/pcf08.com\/?p=663"},"modified":"2020-12-10T11:40:42","modified_gmt":"2020-12-10T10:40:42","slug":"inondations-25-ans-apres-voit-on-enfin-le-bout-du-tunnel","status":"publish","type":"post","link":"https:\/\/pcf08.com\/index.php\/2020\/12\/10\/inondations-25-ans-apres-voit-on-enfin-le-bout-du-tunnel\/","title":{"rendered":"Inondations, 25 ans apr\u00e8s voit-on enfin le bout du tunnel ?"},"content":{"rendered":"<p align=\"justify\"><span style=\"font-family: Liberation Serif, serif;\"><span style=\"font-size: small;\"><img loading=\"lazy\" decoding=\"async\" class=\"size-medium wp-image-664 alignright\" src=\"https:\/\/pcf08.com\/wp-content\/uploads\/2020\/12\/image-NDA-1918-300x225.jpg\" alt=\"\" width=\"300\" height=\"225\" srcset=\"https:\/\/pcf08.com\/wp-content\/uploads\/2020\/12\/image-NDA-1918-300x225.jpg 300w, https:\/\/pcf08.com\/wp-content\/uploads\/2020\/12\/image-NDA-1918-768x576.jpg 768w, https:\/\/pcf08.com\/wp-content\/uploads\/2020\/12\/image-NDA-1918.jpg 872w\" sizes=\"(max-width: 300px) 100vw, 300px\" \/>Les ann\u00e9es 1993 et 1995 resteront marqu\u00e9es dans la m\u00e9moire des Ardennais. Ces deux ann\u00e9es ont vu la Meuse d\u00e9border et inonder tr\u00e8s largement notre d\u00e9partement. Plus de 1000 foyers ont \u00e9t\u00e9 victimes de cette catastrophe, paralysant la Vall\u00e9e de la Meuse tant sur le plan \u00e9conomique que par les d\u00e9g\u00e2ts occasionn\u00e9s aux infrastructures. La d\u00e9cision, prise quelques ann\u00e9es plus t\u00f4t (fin 1992), de cr\u00e9er entre la ville de Charleville-M\u00e9zi\u00e8res et celle de Warcq un syndicat de lutte contre les inondations (SIVU) avait anticip\u00e9 les crues \u00e0 venir. Malheureusement les travaux n\u2019ont pu \u00eatre engag\u00e9s qu\u2019apr\u00e8s les \u00e9tudes r\u00e9alis\u00e9es et la Meuse devait d\u00e9border encore plusieurs ann\u00e9es.<\/span><\/span><\/p>\n<p align=\"justify\"><span style=\"font-family: Liberation Serif, serif;\"><span style=\"font-size: small;\">Conscient de cette r\u00e9alit\u00e9 la deuxi\u00e8me \u00e9tape de la lutte se concr\u00e9tisait en 1996 par la cr\u00e9ation de l\u2019EPAMA. Cet \u00e9tablissement public avait pour objectif d\u2019effectuer les \u00e9tudes et les travaux sur tout le lin\u00e9aire de la Meuse et de ses affluents de l\u2019amont \u00e0 l\u2019aval. 25 ans apr\u00e8s ou en sommes nous? <\/span><\/span><\/p>\n<p align=\"justify\"><span style=\"font-family: Liberation Serif, serif;\"><span style=\"font-size: small;\">Les travaux sont termin\u00e9s sur Mouzon, Givet et Charleville-M\u00e9zi\u00e8res. Pour donner un ordre d\u2019id\u00e9e sur les investissements r\u00e9alis\u00e9s, rien que pour le SIVU ce sont 17 millions d\u2019euros depuis 2004, qui ont \u00e9t\u00e9 investis (le travail \u00e9tant termin\u00e9 le SIVU a \u00e9t\u00e9 dissout en 2017). Ind\u00e9niablement les travaux r\u00e9alis\u00e9s ont montr\u00e9 leur efficacit\u00e9, coupl\u00e9s avec un plan de pr\u00e9vention des risques (PPRI) tr\u00e8s stri<\/span><\/span><span style=\"font-family: Liberation Serif, serif;\"><span style=\"font-size: small;\">ct<\/span><\/span><span style=\"font-family: Liberation Serif, serif;\"><span style=\"font-size: small;\"> (interdiction de construire sur une zone PPRI). <\/span><\/span><span style=\"font-family: Liberation Serif, serif;\"><span style=\"font-size: small;\">N<\/span><\/span><span style=\"font-family: Liberation Serif, serif;\"><span style=\"font-size: small;\">otre d\u00e9partement sort progressivement du risque d\u2019inondations m\u00eame si une crue centennale peut se reproduire dont le risque n\u2019est pas \u00e0 n\u00e9gliger. <\/span><\/span><\/p>\n<p align=\"justify\"><span style=\"font-family: Liberation Serif, serif;\"><span style=\"font-size: small;\">Pourtant, malgr\u00e9 ce risque les pouvoirs publics n\u2019ont pas d\u00e9cid\u00e9 de mettre les bouch\u00e9es doubles. Ils ont m\u00eame refil\u00e9 le b\u00e9b\u00e9 \u00e0 l\u2019EPAMA et aux Intercommunalit\u00e9s. Ainsi, aucune r\u00e9flexion n\u2019a encore \u00e9t\u00e9 engag\u00e9e sur la partie de la Meuse entre Charleville-M\u00e9zi\u00e8res et Givet. L\u2019EPAMA, dont le pr\u00e9sident est B. Ravignon, va seulement lancer une \u00e9tude sur ce tron\u00e7on pour un co\u00fbt de 600 000 euros. 25 ans pour lancer une \u00e9tude, esp\u00e9rons qu\u2019il ne faudra pas un d\u00e9lai aussi long pour r\u00e9aliser les travaux.<\/span><\/span><\/p>\n<p align=\"right\"><span style=\"font-family: Liberation Serif, serif;\"><span style=\"font-size: small;\">Sylvain DALLA ROSA<\/span><\/span><\/p>\n","protected":false},"excerpt":{"rendered":"<p>Les ann\u00e9es 1993 et 1995 resteront marqu\u00e9es dans la m\u00e9moire des Ardennais. Ces deux ann\u00e9es ont vu la Meuse d\u00e9border et inonder tr\u00e8s largement notre d\u00e9partement. Plus de 1000 foyers ont \u00e9t\u00e9 victimes de cette catastrophe, paralysant la Vall\u00e9e de la Meuse tant sur le plan \u00e9conomique que par les d\u00e9g\u00e2ts occasionn\u00e9s aux infrastructures. La [&hellip;]<\/p>\n","protected":false},"author":4,"featured_media":0,"comment_status":"closed","ping_status":"open","sticky":false,"template":"","format":"standard","meta":{"saved_in_kubio":false,"footnotes":""},"categories":[1],"tags":[],"class_list":["post-663","post","type-post","status-publish","format-standard","hentry","category-non-classe"],"_links":{"self":[{"href":"https:\/\/pcf08.com\/index.php\/wp-json\/wp\/v2\/posts\/663","targetHints":{"allow":["GET"]}}],"collection":[{"href":"https:\/\/pcf08.com\/index.php\/wp-json\/wp\/v2\/posts"}],"about":[{"href":"https:\/\/pcf08.com\/index.php\/wp-json\/wp\/v2\/types\/post"}],"author":[{"embeddable":true,"href":"https:\/\/pcf08.com\/index.php\/wp-json\/wp\/v2\/users\/4"}],"replies":[{"embeddable":true,"href":"https:\/\/pcf08.com\/index.php\/wp-json\/wp\/v2\/comments?post=663"}],"version-history":[{"count":1,"href":"https:\/\/pcf08.com\/index.php\/wp-json\/wp\/v2\/posts\/663\/revisions"}],"predecessor-version":[{"id":665,"href":"https:\/\/pcf08.com\/index.php\/wp-json\/wp\/v2\/posts\/663\/revisions\/665"}],"wp:attachment":[{"href":"https:\/\/pcf08.com\/index.php\/wp-json\/wp\/v2\/media?parent=663"}],"wp:term":[{"taxonomy":"category","embeddable":true,"href":"https:\/\/pcf08.com\/index.php\/wp-json\/wp\/v2\/categories?post=663"},{"taxonomy":"post_tag","embeddable":true,"href":"https:\/\/pcf08.com\/index.php\/wp-json\/wp\/v2\/tags?post=663"}],"curies":[{"name":"wp","href":"https:\/\/api.w.org\/{rel}","templated":true}]}}