{"id":656,"date":"2020-12-06T19:20:11","date_gmt":"2020-12-06T18:20:11","guid":{"rendered":"http:\/\/pcf08.com\/?p=656"},"modified":"2020-12-06T19:20:31","modified_gmt":"2020-12-06T18:20:31","slug":"centenaire-du-pcf-1-5-situation-politique-et-ideologique-avant-1920","status":"publish","type":"post","link":"https:\/\/pcf08.com\/index.php\/2020\/12\/06\/centenaire-du-pcf-1-5-situation-politique-et-ideologique-avant-1920\/","title":{"rendered":"Centenaire du PCF \u2013 1\/5 : Situation politique et id\u00e9ologique avant 1920"},"content":{"rendered":"<p align=\"JUSTIFY\"><span style=\"font-family: Times New Roman, serif;\"><span style=\"font-size: medium;\"><img loading=\"lazy\" decoding=\"async\" class=\"size-medium wp-image-657 alignright\" src=\"https:\/\/pcf08.com\/wp-content\/uploads\/2020\/12\/1950-heritiers-continuateurs-1-203x300.png\" alt=\"\" width=\"203\" height=\"300\" \/>A la suite de la R\u00e9volution Fran\u00e7aise o\u00f9 les bases du mouvement populaire structur\u00e9 se sont pos\u00e9es, le XIXe si\u00e8cle figure dans l\u2019histoire du mouvement ouvrier tel un pilier th\u00e9orique et pratique. Lors du congr\u00e8s de Tours, en 1920, les travailleuses et les travailleurs s\u2019organisent enfin, apr\u00e8s de nombreuses exp\u00e9riences, au sein d\u2019un parti r\u00e9volutionnaire\u00a0: la SFIC (Section Fran\u00e7aise de l\u2019Internationale Communiste, qui deviendra le Parti Communiste Fran\u00e7ais).<\/span><\/span><\/p>\n<p align=\"JUSTIFY\"><span style=\"font-family: Times New Roman, serif;\"><span style=\"font-size: medium;\"><br \/>\nEn effet, la R\u00e9volution populaire de 1793 port\u00e9e par Robespierre et Saint-Just continua malgr\u00e9 les calomnies persistantes de la r\u00e9action et les r\u00e9pressions de la bourgeoisie. Le XIXe si\u00e8cle fut le th\u00e9\u00e2tre de luttes pour la R\u00e9publique Sociale, o\u00f9 le peuple saisit la n\u00e9cessit\u00e9 de s\u2019organiser. Cette question de la structuration du mouvement R\u00e9publicain prend place \u00e0 plusieurs reprises au cours du XIXe si\u00e8cle. Tout d\u2019abord lors de la Restauration (1815-1830) qui m\u00e8nera aux \u00ab\u00a0Trois Glorieuses\u00a0\u00bb, R\u00e9volution qui aboutira \u00e0 la Monarchie de Juillet. Lors du R\u00e8gne de Louis-Philippe (1830-1848), les R\u00e9publicains organisent des Banquets pour exiger notamment le Suffrage Universel. Cette lutte pour la d\u00e9mocratie populaire marqua un tournant dans l\u2019Histoire Populaire Fran\u00e7aise mais aussi mondiale. Elle d\u00e9boucha sur une R\u00e9volution en f\u00e9vrier 1848 qui a abattu la Monarchie et qui mit en place la II\u00e8me R\u00e9publique. Pour autant, le peuple travailleur d\u00e9fendit encore une fois ses int\u00e9r\u00eats glorieusement et continua la R\u00e9volution durant des mois. La vieille distinction entre \u00ab\u00a0R\u00e9publique Politique\u00a0\u00bb et \u00ab\u00a0R\u00e9publique Sociale\u00a0\u00bb refit surface au cours de cette ann\u00e9e 1848. Tandis que les bourgeois, les r\u00e9actionnaires, les \u00ab\u00a0r\u00e9publicains du lendemain\u00a0\u00bb \u00e9taient satisfait d\u2019une simple R\u00e9publique qui n\u2019avait rien de sociale, les ouvriers et les artisans commen\u00e7aient \u00e0 s\u2019organiser, galvanis\u00e9s par les \u00e9crits de Proudhon, Marx, Engels, Blanqui etc, pour conqu\u00e9rir les droits les plus essentiels dans la vis\u00e9e d\u2019une prise de pouvoir. Cette lutte fut r\u00e9prim\u00e9e dans le sang par le g\u00e9n\u00e9ral Cavaignac, sous la houlette du Parti de l\u2019Ordre, dans l\u2019Est de Paris o\u00f9 les ouvriers protestaient contre la fermeture des Ateliers Nationaux.<\/span><\/span><\/p>\n<p align=\"JUSTIFY\"><span style=\"font-family: Times New Roman, serif;\"><span style=\"font-size: medium;\"><br \/>\nEn 1852, Louis-Napol\u00e9on Bonaparte, premier Pr\u00e9sident de la R\u00e9publique Fran\u00e7aise port\u00e9 au pouvoir par le Parti de l\u2019Ordre r\u00e9tablissait l\u2019Empire. Encore une fois, le peuple de France subit un pouvoir autoritaire durant deux d\u00e9cennies. Pourtant il avait appris de ses erreurs, et ce, sur un point essentiel\u00a0: la question de l\u2019organisation. Alors que Napol\u00e9on III n\u2019a plus que l\u2019alternative guerri\u00e8re (strat\u00e9gie bien connue) pour tenter d\u2019unir le peuple, l\u2019Empire subit une d\u00e9b\u00e2cle face \u00e0 la Prusse. Les arm\u00e9es \u00e9trang\u00e8res veulent marcher sur Paris, et c\u2019est encore une fois les travailleurs et le peuple de France dans son ensemble qui se l\u00e8vent pour garder sa souverainet\u00e9. La Commune de Paris est lanc\u00e9e. Blanqui disait \u00ab\u00a0Qui a du fer, a du pain\u00a0\u00bb, cette phrase illustre \u00e0 merveille la magnifique lutte des communards\u00a0! Pourtant, le mouvement ouvrier fut encore une fois r\u00e9prim\u00e9 dans le sang. La III<sup>\u00e8<\/sup> R\u00e9publique est instaur\u00e9e. C\u2019est l\u00e0 que la structuration se fait concr\u00e8tement, en \u00ab\u00a0Parti\u00a0\u00bb, avec Jaur\u00e8s notamment. La mis\u00e8re tue les travailleurs, une guerre imp\u00e9rialiste est d\u00e9clar\u00e9e en 1914 et les r\u00e9formistes prennent part \u00e0 l\u2019union sacr\u00e9e. Malgr\u00e9 tout un espoir vient de l\u2019Est, en 1917 les bolch\u00e9viks prennent le pouvoir. La classe ouvri\u00e8re fran\u00e7aise prend d\u00e8s lors sa d\u00e9cision, ferme et r\u00e9fl\u00e9chie, il faut rompre totalement avec le Capitalisme et engager la r\u00e9volution socialiste, et pour cela il faut rompre avec le r\u00e9formisme et la social-d\u00e9mocratie. C\u2019est dans ce contexte id\u00e9ologique et politique qu\u2019a lieu le Congr\u00e8s de Tours en d\u00e9cembre 1920. <\/span><\/span><\/p>\n<p align=\"RIGHT\"><span style=\"font-family: Times New Roman, serif;\"><span style=\"font-size: medium;\"><b>Esteban EVRARD <\/b><\/span><\/span><\/p>\n","protected":false},"excerpt":{"rendered":"<p>A la suite de la R\u00e9volution Fran\u00e7aise o\u00f9 les bases du mouvement populaire structur\u00e9 se sont pos\u00e9es, le XIXe si\u00e8cle figure dans l\u2019histoire du mouvement ouvrier tel un pilier th\u00e9orique et pratique. Lors du congr\u00e8s de Tours, en 1920, les travailleuses et les travailleurs s\u2019organisent enfin, apr\u00e8s de nombreuses exp\u00e9riences, au sein d\u2019un parti r\u00e9volutionnaire\u00a0: [&hellip;]<\/p>\n","protected":false},"author":4,"featured_media":0,"comment_status":"closed","ping_status":"open","sticky":false,"template":"","format":"standard","meta":{"saved_in_kubio":false,"footnotes":""},"categories":[1],"tags":[],"class_list":["post-656","post","type-post","status-publish","format-standard","hentry","category-non-classe"],"_links":{"self":[{"href":"https:\/\/pcf08.com\/index.php\/wp-json\/wp\/v2\/posts\/656","targetHints":{"allow":["GET"]}}],"collection":[{"href":"https:\/\/pcf08.com\/index.php\/wp-json\/wp\/v2\/posts"}],"about":[{"href":"https:\/\/pcf08.com\/index.php\/wp-json\/wp\/v2\/types\/post"}],"author":[{"embeddable":true,"href":"https:\/\/pcf08.com\/index.php\/wp-json\/wp\/v2\/users\/4"}],"replies":[{"embeddable":true,"href":"https:\/\/pcf08.com\/index.php\/wp-json\/wp\/v2\/comments?post=656"}],"version-history":[{"count":1,"href":"https:\/\/pcf08.com\/index.php\/wp-json\/wp\/v2\/posts\/656\/revisions"}],"predecessor-version":[{"id":658,"href":"https:\/\/pcf08.com\/index.php\/wp-json\/wp\/v2\/posts\/656\/revisions\/658"}],"wp:attachment":[{"href":"https:\/\/pcf08.com\/index.php\/wp-json\/wp\/v2\/media?parent=656"}],"wp:term":[{"taxonomy":"category","embeddable":true,"href":"https:\/\/pcf08.com\/index.php\/wp-json\/wp\/v2\/categories?post=656"},{"taxonomy":"post_tag","embeddable":true,"href":"https:\/\/pcf08.com\/index.php\/wp-json\/wp\/v2\/tags?post=656"}],"curies":[{"name":"wp","href":"https:\/\/api.w.org\/{rel}","templated":true}]}}