{"id":642,"date":"2020-12-04T18:41:35","date_gmt":"2020-12-04T17:41:35","guid":{"rendered":"http:\/\/pcf08.com\/?p=642"},"modified":"2020-12-04T18:41:35","modified_gmt":"2020-12-04T17:41:35","slug":"si-vous-navez-pas-de-pain-mangez-de-la-brioche","status":"publish","type":"post","link":"https:\/\/pcf08.com\/index.php\/2020\/12\/04\/si-vous-navez-pas-de-pain-mangez-de-la-brioche\/","title":{"rendered":"Si vous n&rsquo;avez pas de pain, mangez de la brioche\u00a0!"},"content":{"rendered":"<p align=\"JUSTIFY\">Comme jamais, la pauvret\u00e9 explose dans notre pays riche mais la priorit\u00e9 du gouvernement est d\u2019imposer une loi liberticide\u00a0: un choix politique pour le moins discutable.<\/p>\n<p align=\"JUSTIFY\">La Covid 19 semble \u00eatre un virus de classe anti-social. La crise sanitaire, comme toute crise d&rsquo;ailleurs, ne fait que creuser de fa\u00e7on abyssale les in\u00e9galit\u00e9s sociales. Cela n&rsquo;est malheureusement plus \u00e0 d\u00e9montrer. La pauvret\u00e9 et le ch\u00f4mage explosent.<\/p>\n<p align=\"JUSTIFY\">Le gouvernement n&rsquo;entend pas ou ne veut pas entendre les alertes de tous les acteurs de solidarit\u00e9.<\/p>\n<p align=\"JUSTIFY\">8 millions de Fran\u00e7ais font appel \u00e0 l&rsquo;aide alimentaire. Dans le 6\u00e8me pays le plus riche du monde, 10 millions de personnes s&rsquo;enlisent dans la pauvret\u00e9\u00a0!<\/p>\n<p align=\"JUSTIFY\">Dans le m\u00eame temps, les 500 plus grosses fortunes totalisent un patrimoine de 730 milliards d&rsquo;euros et 30 milliards de dividende seront distribu\u00e9s en 2020.<\/p>\n<p align=\"JUSTIFY\">Un scandale qui s&rsquo;explique s\u2019il \u00e9tait encore utile de le d\u00e9montrer, par les choix politiques capitalistes du pr\u00e9sident et de ses serviteurs.<\/p>\n<p align=\"JUSTIFY\">Du 5 au 11 d\u00e9cembre, le PCF d\u00e9cide d&rsquo;une semaine de mobilisation nationale contre le ch\u00f4mage et la pauvret\u00e9, pour l&#8217;emploi, la dignit\u00e9 et l&rsquo;\u00e9galit\u00e9 r\u00e9publicaine. Les communistes doivent porter haut et fort ces exigences et contraindre ce gouvernement \u00e0 r\u00e9ellement mettre en place un plan d&rsquo;urgence.<\/p>\n<p align=\"JUSTIFY\">Il faut notamment obtenir d\u00e8s maintenant que soient suspendues les expulsions locatives, les coupures d&rsquo;\u00e9nergie et d&rsquo;eau. Les r\u00e9visions de loyers HLM en janvier prochain doivent \u00eatre annul\u00e9es et un moratoire appliqu\u00e9 pour les impay\u00e9s de loyers.<\/p>\n<p align=\"JUSTIFY\">\u00ab\u00a0Un jeune, une solution\u00a0\u00bb\u00a0: chiche\u00a0! Il faut garantir \u00e0 tous les jeunes de moins de 25 ans un emploi ou une formation qui aboutisse \u00e0 une embauche.<\/p>\n<p align=\"JUSTIFY\">Il faut augmenter les allocations aux plus pr\u00e9caires et mettre en place le RSA pour les moins de 25 ans.<\/p>\n<p align=\"JUSTIFY\">Les quelques miettes ponctuelles conc\u00e9d\u00e9es montrent bien la d\u00e9connexion du pouvoir avec la r\u00e9alit\u00e9 de la vie des gens. Dernier exemple en date\u00a0: pas de coup de pouce pour le smic, rien dans le plan de relance pour les invisibles et les essentiels.<\/p>\n<p align=\"JUSTIFY\">Ensemble nous pouvons prendre le pouvoir sur l&rsquo;\u00e9conomie et la cr\u00e9ation de richesse qui doit profiter au peuple. Pour y parvenir, il faut faire tomber les priorit\u00e9s du pouvoir en place.<\/p>\n<p align=\"JUSTIFY\"><img loading=\"lazy\" decoding=\"async\" class=\"size-medium wp-image-639 alignleft\" src=\"https:\/\/pcf08.com\/wp-content\/uploads\/2020\/12\/28nov-300x164.jpg\" alt=\"\" width=\"300\" height=\"164\" srcset=\"https:\/\/pcf08.com\/wp-content\/uploads\/2020\/12\/28nov-300x164.jpg 300w, https:\/\/pcf08.com\/wp-content\/uploads\/2020\/12\/28nov-768x421.jpg 768w, https:\/\/pcf08.com\/wp-content\/uploads\/2020\/12\/28nov.jpg 778w\" sizes=\"(max-width: 300px) 100vw, 300px\" \/><\/p>\n<p align=\"CENTER\"><span style=\"font-size: small;\"><b>Le gouvernement a du c\u00e9der aux manifestations contre la proposition de loi \u00ab\u00a0S\u00e9curit\u00e9 Globale\u00a0\u00bbet a retir\u00e9 un article. C\u2019est toute la loi qui doit \u00eatre abandonn\u00e9e. Les communistes \u00e9taient pr\u00e9sents \u00e0 la manifestation \u00e0 Charleville-M\u00e9zi\u00e8res samedi et restent mobilis\u00e9s.<\/b><\/span><\/p>\n","protected":false},"excerpt":{"rendered":"<p>Comme jamais, la pauvret\u00e9 explose dans notre pays riche mais la priorit\u00e9 du gouvernement est d\u2019imposer une loi liberticide\u00a0: un choix politique pour le moins discutable. La Covid 19 semble \u00eatre un virus de classe anti-social. La crise sanitaire, comme toute crise d&rsquo;ailleurs, ne fait que creuser de fa\u00e7on abyssale les in\u00e9galit\u00e9s sociales. Cela n&rsquo;est [&hellip;]<\/p>\n","protected":false},"author":4,"featured_media":0,"comment_status":"closed","ping_status":"open","sticky":false,"template":"","format":"standard","meta":{"saved_in_kubio":false,"footnotes":""},"categories":[1],"tags":[],"class_list":["post-642","post","type-post","status-publish","format-standard","hentry","category-non-classe"],"_links":{"self":[{"href":"https:\/\/pcf08.com\/index.php\/wp-json\/wp\/v2\/posts\/642","targetHints":{"allow":["GET"]}}],"collection":[{"href":"https:\/\/pcf08.com\/index.php\/wp-json\/wp\/v2\/posts"}],"about":[{"href":"https:\/\/pcf08.com\/index.php\/wp-json\/wp\/v2\/types\/post"}],"author":[{"embeddable":true,"href":"https:\/\/pcf08.com\/index.php\/wp-json\/wp\/v2\/users\/4"}],"replies":[{"embeddable":true,"href":"https:\/\/pcf08.com\/index.php\/wp-json\/wp\/v2\/comments?post=642"}],"version-history":[{"count":3,"href":"https:\/\/pcf08.com\/index.php\/wp-json\/wp\/v2\/posts\/642\/revisions"}],"predecessor-version":[{"id":647,"href":"https:\/\/pcf08.com\/index.php\/wp-json\/wp\/v2\/posts\/642\/revisions\/647"}],"wp:attachment":[{"href":"https:\/\/pcf08.com\/index.php\/wp-json\/wp\/v2\/media?parent=642"}],"wp:term":[{"taxonomy":"category","embeddable":true,"href":"https:\/\/pcf08.com\/index.php\/wp-json\/wp\/v2\/categories?post=642"},{"taxonomy":"post_tag","embeddable":true,"href":"https:\/\/pcf08.com\/index.php\/wp-json\/wp\/v2\/tags?post=642"}],"curies":[{"name":"wp","href":"https:\/\/api.w.org\/{rel}","templated":true}]}}