{"id":594,"date":"2020-11-19T12:13:07","date_gmt":"2020-11-19T11:13:07","guid":{"rendered":"http:\/\/pcf08.com\/?p=594"},"modified":"2020-11-19T12:13:07","modified_gmt":"2020-11-19T11:13:07","slug":"la-securite-droit-fondamental-et-condition-de-lexercice-des-libertes-individuelles-et-collectives-mais-quelle-securite","status":"publish","type":"post","link":"https:\/\/pcf08.com\/index.php\/2020\/11\/19\/la-securite-droit-fondamental-et-condition-de-lexercice-des-libertes-individuelles-et-collectives-mais-quelle-securite\/","title":{"rendered":"La s\u00e9curit\u00e9, droit fondamental  et condition de l&rsquo;exercice des  libert\u00e9s individuelles et collectives.\u00a0 Mais quelle s\u00e9curit\u00e9 ?"},"content":{"rendered":"<p align=\"justify\"><span style=\"font-family: Times New Roman, serif;\"><img loading=\"lazy\" decoding=\"async\" class=\"size-medium wp-image-595 alignleft\" src=\"https:\/\/pcf08.com\/wp-content\/uploads\/2020\/11\/visuel_securiteglobale-300x178.jpg\" alt=\"\" width=\"300\" height=\"178\" \/>Covid, terrorisme sont deux occasions r\u00eav\u00e9es pour le gouvernement, outil de transmission de la grande bourgeoisie et du capital financier, pour faire passer en douce, en les distillant progressivement, les moyens d\u2019\u00e9teindre d\u00e9finitivement les possibilit\u00e9s de luttes. La bataille id\u00e9ologique est rude : pensons \u00e0 l\u2019acceptation tacite du relatif confinement actuel, assez inefficace d\u2019un point de vue sanitaire, laissant les travailleurs se faire exploiter, tout en interdisant la culture, les loisirs et plus g\u00e9n\u00e9ralement l\u2019exercice des libert\u00e9s individuelles.<\/span><\/p>\n<p align=\"justify\"><span style=\"font-family: Times New Roman, serif;\">Tous les moyens sont bons pour le gouvernement : c\u2019est \u00e0 travers une proposition de loi du groupe LREM, qu\u2019il fait passer la politique de \u00ab S\u00e9curit\u00e9 globale \u00bb en d\u00e9bat \u00e0 l\u2019Assembl\u00e9e Nationale \u00e0 partir de ce mardi 17 novembre. Cela lui \u00e9vite ainsi\u00a0 enqu\u00eates d\u2019impact et avis du Conseil d\u2019\u00c9tat. C\u2019est un fourre-tout dans lequel on retrouve p\u00eale-m\u00eale des restrictions pour la presse, un \u00e9largissement des missions des polices municipales et des entreprises priv\u00e9es de s\u00e9curit\u00e9, r\u00e9duisant ainsi le r\u00f4le de l\u2019\u00c9tat, posant une premi\u00e8re pierre dans le jardin de la privatisation de la police, l\u2019autorisation pour l\u2019\u00c9tat d\u2019utiliser des drones avec cam\u00e9ras pour surveiller l\u2019espace public. M\u00eame l\u2019ONU s\u2019inqui\u00e8te de cette loi !<\/span><\/p>\n<p align=\"justify\"><span style=\"font-family: Times New Roman, serif;\">Tous les moyens sont bons : le gouvernement Castex a aussi accept\u00e9 un amendement \u00e0 la loi de programmation sur la recherche transformant en d\u00e9lit, puni de 3 ans de prison, le fait de troubler la tranquillit\u00e9 de l&rsquo;\u00e9tablissement ce qui permet d&rsquo;interdire toute protestation collective dans les universit\u00e9s.<\/span><\/p>\n<p align=\"justify\"><span style=\"font-family: Times New Roman, serif;\">La s\u00e9curit\u00e9 globale jupit\u00e9rienne est bien parcellaire, passant \u00e0 c\u00f4t\u00e9 de l&rsquo;essentiel : une ambition nouvelle, avec les moyens de sa r\u00e9alisation, pour une politique publique de s\u00e9curit\u00e9 et de tranquillit\u00e9 publique pour toutes et tous. Cette politique est indissociable du renforcement des services publics, de mesures fortes d&rsquo;\u00e9galit\u00e9 sociale et d&rsquo;une v\u00e9ritable politique de pr\u00e9vention, avec l&rsquo;ensemble des partenaires. N&rsquo;oublions pas que ce sont les territoires les plus en difficult\u00e9 et les populations les plus fragiles qui sont les plus expos\u00e9s \u00e0 l&rsquo;ins\u00e9curit\u00e9 et \u00e0 la d\u00e9linquance du quotidien.<\/span><\/p>\n","protected":false},"excerpt":{"rendered":"<p>Covid, terrorisme sont deux occasions r\u00eav\u00e9es pour le gouvernement, outil de transmission de la grande bourgeoisie et du capital financier, pour faire passer en douce, en les distillant progressivement, les moyens d\u2019\u00e9teindre d\u00e9finitivement les possibilit\u00e9s de luttes. La bataille id\u00e9ologique est rude : pensons \u00e0 l\u2019acceptation tacite du relatif confinement actuel, assez inefficace d\u2019un point [&hellip;]<\/p>\n","protected":false},"author":4,"featured_media":0,"comment_status":"closed","ping_status":"open","sticky":false,"template":"","format":"standard","meta":{"saved_in_kubio":false,"footnotes":""},"categories":[1],"tags":[],"class_list":["post-594","post","type-post","status-publish","format-standard","hentry","category-non-classe"],"_links":{"self":[{"href":"https:\/\/pcf08.com\/index.php\/wp-json\/wp\/v2\/posts\/594","targetHints":{"allow":["GET"]}}],"collection":[{"href":"https:\/\/pcf08.com\/index.php\/wp-json\/wp\/v2\/posts"}],"about":[{"href":"https:\/\/pcf08.com\/index.php\/wp-json\/wp\/v2\/types\/post"}],"author":[{"embeddable":true,"href":"https:\/\/pcf08.com\/index.php\/wp-json\/wp\/v2\/users\/4"}],"replies":[{"embeddable":true,"href":"https:\/\/pcf08.com\/index.php\/wp-json\/wp\/v2\/comments?post=594"}],"version-history":[{"count":1,"href":"https:\/\/pcf08.com\/index.php\/wp-json\/wp\/v2\/posts\/594\/revisions"}],"predecessor-version":[{"id":596,"href":"https:\/\/pcf08.com\/index.php\/wp-json\/wp\/v2\/posts\/594\/revisions\/596"}],"wp:attachment":[{"href":"https:\/\/pcf08.com\/index.php\/wp-json\/wp\/v2\/media?parent=594"}],"wp:term":[{"taxonomy":"category","embeddable":true,"href":"https:\/\/pcf08.com\/index.php\/wp-json\/wp\/v2\/categories?post=594"},{"taxonomy":"post_tag","embeddable":true,"href":"https:\/\/pcf08.com\/index.php\/wp-json\/wp\/v2\/tags?post=594"}],"curies":[{"name":"wp","href":"https:\/\/api.w.org\/{rel}","templated":true}]}}