{"id":588,"date":"2020-11-12T18:51:18","date_gmt":"2020-11-12T17:51:18","guid":{"rendered":"http:\/\/pcf08.com\/?p=588"},"modified":"2020-11-12T18:53:16","modified_gmt":"2020-11-12T17:53:16","slug":"violences-contre-les-lyceennes-et-lyceens-mobilise-e-s","status":"publish","type":"post","link":"https:\/\/pcf08.com\/index.php\/2020\/11\/12\/violences-contre-les-lyceennes-et-lyceens-mobilise-e-s\/","title":{"rendered":"Violences contre les lyc\u00e9ennes et lyc\u00e9ens mobilis\u00e9.e.s"},"content":{"rendered":"<p align=\"justify\">Depuis la rentr\u00e9e chaotique de la semaine derni\u00e8re caus\u00e9e par l&rsquo;incapacit\u00e9 du pouvoir en place de mettre sur pied un protocole sanitaire rigoureux, efficace et r\u00e9alisable dans les lyc\u00e9es, les mobilisations s&rsquo;encha\u00eenent. Les lyc\u00e9ennes et les lyc\u00e9ens veulent \u00e9tudier dans de bonnes conditions, et sans courir le danger sanitaire que repr\u00e9sente la COVID 19. Il en est de m\u00eame pour les professeurs qui se mobilisent \u00e9galement, qui font gr\u00e8ve et font acte de r\u00e9sistance lors d&rsquo;AG pour exiger la s\u00e9curit\u00e9 de toutes et tous. La jeunesse communiste est \u00e0 l&rsquo;avant garde de la mobilisation lyc\u00e9enne depuis 2 semaines maintenant. En tant que premi\u00e8re organisation de jeunesse, nous appelons \u00e0 bloquer chaque lyc\u00e9e du pays tant que nos revendications n&rsquo;auront pas \u00e9t\u00e9 prises en compte ! Nous exigeons le d\u00e9doublement des classes, la gratuit\u00e9 des masques et du gel, l&rsquo;allongement des temps de recr\u00e9ation et de cantine pour assurer la distanciation physique ainsi que la gratuit\u00e9 totale des outils informatiques pour suivre des cours \u00e0 distance. La journ\u00e9e de mobilisation du mardi 10 novembre a encore une fois \u00e9t\u00e9 marqu\u00e9e par un usage de la violence sur des lyc\u00e9ennes et lyc\u00e9ens mobilis\u00e9s.<\/p>\n<p align=\"justify\">Tout au long de la journ\u00e9e, et dans tout le pays, les forces de l\u2019ordre ont fait usage de leurs matraques et de gaz lacrymog\u00e8nes face \u00e0 des jeunes dont le seul tort a \u00e9t\u00e9 d\u2019exprimer leur volont\u00e9 d\u2019\u00e9tudier sans mettre leur sant\u00e9 en danger. Pour cela, certaines et certains ont m\u00eame \u00e9t\u00e9 plac\u00e9s en garde \u00e0 vue. Parmi elles et eux se trouvaient nombre de jeunes communistes. Depuis le d\u00e9but de son quinquennat, Emmanuel Macron fait glisser notre pays vers la pente dangereuse de l\u2019autoritarisme et de la r\u00e9pression. Jamais nous ne devons nous habituer \u00e0 ces sc\u00e8nes indignes d\u2019un \u00e9tat de droit\u00a0!<span lang=\"zxx\"><u><br \/>\n<\/u><\/span> <span lang=\"zxx\">Esteban EVRARD<\/span><\/p>\n","protected":false},"excerpt":{"rendered":"<p>Depuis la rentr\u00e9e chaotique de la semaine derni\u00e8re caus\u00e9e par l&rsquo;incapacit\u00e9 du pouvoir en place de mettre sur pied un protocole sanitaire rigoureux, efficace et r\u00e9alisable dans les lyc\u00e9es, les mobilisations s&rsquo;encha\u00eenent. Les lyc\u00e9ennes et les lyc\u00e9ens veulent \u00e9tudier dans de bonnes conditions, et sans courir le danger sanitaire que repr\u00e9sente la COVID 19. Il [&hellip;]<\/p>\n","protected":false},"author":2,"featured_media":0,"comment_status":"closed","ping_status":"open","sticky":false,"template":"","format":"standard","meta":{"saved_in_kubio":false,"footnotes":""},"categories":[1],"tags":[],"class_list":["post-588","post","type-post","status-publish","format-standard","hentry","category-non-classe"],"_links":{"self":[{"href":"https:\/\/pcf08.com\/index.php\/wp-json\/wp\/v2\/posts\/588","targetHints":{"allow":["GET"]}}],"collection":[{"href":"https:\/\/pcf08.com\/index.php\/wp-json\/wp\/v2\/posts"}],"about":[{"href":"https:\/\/pcf08.com\/index.php\/wp-json\/wp\/v2\/types\/post"}],"author":[{"embeddable":true,"href":"https:\/\/pcf08.com\/index.php\/wp-json\/wp\/v2\/users\/2"}],"replies":[{"embeddable":true,"href":"https:\/\/pcf08.com\/index.php\/wp-json\/wp\/v2\/comments?post=588"}],"version-history":[{"count":1,"href":"https:\/\/pcf08.com\/index.php\/wp-json\/wp\/v2\/posts\/588\/revisions"}],"predecessor-version":[{"id":589,"href":"https:\/\/pcf08.com\/index.php\/wp-json\/wp\/v2\/posts\/588\/revisions\/589"}],"wp:attachment":[{"href":"https:\/\/pcf08.com\/index.php\/wp-json\/wp\/v2\/media?parent=588"}],"wp:term":[{"taxonomy":"category","embeddable":true,"href":"https:\/\/pcf08.com\/index.php\/wp-json\/wp\/v2\/categories?post=588"},{"taxonomy":"post_tag","embeddable":true,"href":"https:\/\/pcf08.com\/index.php\/wp-json\/wp\/v2\/tags?post=588"}],"curies":[{"name":"wp","href":"https:\/\/api.w.org\/{rel}","templated":true}]}}