{"id":580,"date":"2020-11-12T12:36:47","date_gmt":"2020-11-12T11:36:47","guid":{"rendered":"http:\/\/pcf08.com\/?p=580"},"modified":"2020-11-12T12:36:47","modified_gmt":"2020-11-12T11:36:47","slug":"11-novembre-2020-discours-mjcf08","status":"publish","type":"post","link":"https:\/\/pcf08.com\/index.php\/2020\/11\/12\/11-novembre-2020-discours-mjcf08\/","title":{"rendered":"11 novembre 2020, discours MJCF08."},"content":{"rendered":"<p style=\"font-weight: 400;\"><img loading=\"lazy\" decoding=\"async\" class=\"size-medium wp-image-581 alignleft\" src=\"https:\/\/pcf08.com\/wp-content\/uploads\/2020\/11\/11-novembre-240x300.png\" alt=\"\" width=\"240\" height=\"300\" srcset=\"https:\/\/pcf08.com\/wp-content\/uploads\/2020\/11\/11-novembre-240x300.png 240w, https:\/\/pcf08.com\/wp-content\/uploads\/2020\/11\/11-novembre-819x1024.png 819w, https:\/\/pcf08.com\/wp-content\/uploads\/2020\/11\/11-novembre-768x960.png 768w, https:\/\/pcf08.com\/wp-content\/uploads\/2020\/11\/11-novembre.png 1080w\" sizes=\"(max-width: 240px) 100vw, 240px\" \/>Aujourd\u2019hui, mercredi 11 novembre 2020 nous ne pouvons pas nous rendre aux comm\u00e9morations. Pour autant, nous tenons \u00e0 rappeler notre ind\u00e9fectible combat pour la paix, pour la souverainet\u00e9 des peuples et pour la m\u00e9moire. Nous rappelons \u00e9galement que nous exigeons la r\u00e9habilitation collective des fusill\u00e9s pour l\u2019exemple !<br \/>\nCi-dessous se trouve le discours \u00e9crit par Maxime Grulet, responsable \u00e0 l\u2019organisation de la f\u00e9d\u00e9ration des Ardennes du MJCF. Discours que la f\u00e9d\u00e9ration ne pourra malheureusement pas prononcer aujourd&rsquo;hui.<\/p>\n<p style=\"font-weight: 400;\">11 novembre 2020 \u2013 \u00ab Si les morts \u00e9taient des chiffres \u00bb &#8211; MJCF 08<\/p>\n<p style=\"font-weight: 400;\">Si les hommes morts \u00e9taient des chiffres, comme il serait simple de les \u00e9num\u00e9rer. Il y aurait d\u2019abord le fusill\u00e9 num\u00e9ro 1. Puis le fusill\u00e9 num\u00e9ro 2. Et il y aurait le fusill\u00e9 num\u00e9ro 3. On totaliserait 639 fusill\u00e9s. Mais comme il est rapide et facile de dire un nombre, mes amis, mes camarades ! Il y aurait 639 fusill\u00e9s pour l\u2019exemple, morts non pas pour avoir refus\u00e9 de se battre pour la France, mais pour avoir refus\u00e9 de mourir au nom du chiffre. Car c\u2019est bien de cela dont nous parlons. Car les hommes morts vivaient de rires, de muscles et de sang, comme vous vivez de rires, de muscles et de sang. Ecoutons, amis et camarades, et ayons, rien qu\u2019un instant, l\u2019humilit\u00e9 de ceux qui les rejoindront. Ils sont les soldats de Craonne qui se battent depuis d\u00e9j\u00e0 deux semaines pour monter les trois terrasses qui les s\u00e9parent du Plateau de Californie o\u00f9 sont juch\u00e9es les positions allemandes. Trois terrasses et cent m\u00e8tres. D\u00e9j\u00e0 quinze fois, vingt fois qu\u2019ils montent \u00e0 l\u2019assaut. Oui ! Ils montent. Ils montent car \u00ab cette fois, c\u2019est la bonne \u00bb, on leur a promis. Et quand ils montent, ce sont les copains qui tombent. Sur 1000 soldats qui s\u2019\u00e9lancent, 100 atteignent la premi\u00e8re terrasse, 10 parviennent \u00e0 la deuxi\u00e8me et personne, non personne, n\u2019atteint jamais la derni\u00e8re terrasse. Oui ! Ils montent pourtant. Vingt fois, trente fois puisque \u00ab la prochaine sera la bonne \u00bb. Mais un jour, ils ne peuvent plus. Ils ne veulent plus. Ils ne montent plus. Ils ne fuient pas, non. Simplement, ils ne montent plus. Les soldats de Craonne veulent bien tenir les positions mais ils refusent de mourir une trente-et-uni\u00e8me fois. Pas pour rien. Alors les copains se mettent \u00e0 chanter. Alors on crie \u00ab A bas la guerre ! \u00bb et \u00ab Vive la r\u00e9volution ! \u00bb, et puis, parce qu\u2019il le faut bien, on se rend. Sur quelques centaines, on en prend arbitrairement douze pour les juger en conseil de guerre. Sur ces douze, on en s\u00e9lectionne quatre. Et ces quatre-l\u00e0 vont au poteau se faire fusiller par des copains contraints. Mais la m\u00e9moire joue parfois des tours&#8230;<br \/>\nC\u2019\u00e9tait Bastien ou bien Gaston ? Ils devaient pourtant avoir des noms\u2026 Bof, quelle importance au fond ! Certains nous r\u00e9pliqueront qu\u2019en temps de guerre, l\u2019ordre et la discipline passe avant un pr\u00e9nom, et que la d\u00e9fense de la nation recommande des sacrifices n\u00e9cessaires au bonheur du troupeau. Nous r\u00e9pondrons que la nation est ce que vous appelez troupeau, et ce que nous appelons peuple. Nous r\u00e9pondrons que lorsque dirigeants politiques et hauts grad\u00e9s prennent la d\u00e9cision absurde d\u2019envoyer mille et milles hommes prendre des collines imprenables, chaque entaille dans les corps des soldats d\u00e9chire celui de Marianne. Car la d\u00e9fense de la nation n\u2019est jamais un principe abstrait, elle prend chair dans des politiques et dans les id\u00e9es qui les soutiennent. Le m\u00e9pris pour la vie des hommes dont on fait preuve les dirigeants politiques et militaires de la Grande Guerre n\u2019\u00e9tait pas une fatalit\u00e9 due \u00e0 la menace allemande. Il fut th\u00e9oris\u00e9 en France avant 1914, par le g\u00e9n\u00e9ral Lucien Cardot : \u00ab L\u2019homme qui veut faire la guerre doit faire le sacrifice de sa peau, et tant que ce sacrifice n\u2019est pas accompli sur sa personne, tant que sa propre peau est intacte, il ne peut pas s\u2019en aller \u00bb \u00e9crivait-il. Mais nous l\u2019avons dit. Vous n\u2019\u00e9tiez pas des chiffres, pas plus des pourcentages. Vous \u00e9tiez des hommes. Vous \u00e9tiez des patriotes. Vous viviez de rires, de muscles et de chants. Et nous le raconterons, nous. Nous qui, sans h\u00e2te, vous rejoindrons.<\/p>\n","protected":false},"excerpt":{"rendered":"<p>Aujourd\u2019hui, mercredi 11 novembre 2020 nous ne pouvons pas nous rendre aux comm\u00e9morations. Pour autant, nous tenons \u00e0 rappeler notre ind\u00e9fectible combat pour la paix, pour la souverainet\u00e9 des peuples et pour la m\u00e9moire. Nous rappelons \u00e9galement que nous exigeons la r\u00e9habilitation collective des fusill\u00e9s pour l\u2019exemple ! Ci-dessous se trouve le discours \u00e9crit par [&hellip;]<\/p>\n","protected":false},"author":4,"featured_media":0,"comment_status":"closed","ping_status":"open","sticky":false,"template":"","format":"standard","meta":{"saved_in_kubio":false,"footnotes":""},"categories":[1],"tags":[],"class_list":["post-580","post","type-post","status-publish","format-standard","hentry","category-non-classe"],"_links":{"self":[{"href":"https:\/\/pcf08.com\/index.php\/wp-json\/wp\/v2\/posts\/580","targetHints":{"allow":["GET"]}}],"collection":[{"href":"https:\/\/pcf08.com\/index.php\/wp-json\/wp\/v2\/posts"}],"about":[{"href":"https:\/\/pcf08.com\/index.php\/wp-json\/wp\/v2\/types\/post"}],"author":[{"embeddable":true,"href":"https:\/\/pcf08.com\/index.php\/wp-json\/wp\/v2\/users\/4"}],"replies":[{"embeddable":true,"href":"https:\/\/pcf08.com\/index.php\/wp-json\/wp\/v2\/comments?post=580"}],"version-history":[{"count":1,"href":"https:\/\/pcf08.com\/index.php\/wp-json\/wp\/v2\/posts\/580\/revisions"}],"predecessor-version":[{"id":582,"href":"https:\/\/pcf08.com\/index.php\/wp-json\/wp\/v2\/posts\/580\/revisions\/582"}],"wp:attachment":[{"href":"https:\/\/pcf08.com\/index.php\/wp-json\/wp\/v2\/media?parent=580"}],"wp:term":[{"taxonomy":"category","embeddable":true,"href":"https:\/\/pcf08.com\/index.php\/wp-json\/wp\/v2\/categories?post=580"},{"taxonomy":"post_tag","embeddable":true,"href":"https:\/\/pcf08.com\/index.php\/wp-json\/wp\/v2\/tags?post=580"}],"curies":[{"name":"wp","href":"https:\/\/api.w.org\/{rel}","templated":true}]}}