{"id":577,"date":"2020-11-12T12:33:49","date_gmt":"2020-11-12T11:33:49","guid":{"rendered":"http:\/\/pcf08.com\/?p=577"},"modified":"2020-11-12T12:33:49","modified_gmt":"2020-11-12T11:33:49","slug":"securite-sociale-les-deux-facettes-des-tromperies-de-la-droite","status":"publish","type":"post","link":"https:\/\/pcf08.com\/index.php\/2020\/11\/12\/securite-sociale-les-deux-facettes-des-tromperies-de-la-droite\/","title":{"rendered":"S\u00e9curit\u00e9 Sociale\u00a0: les deux facettes des tromperies de la droite"},"content":{"rendered":"<p align=\"justify\"><img loading=\"lazy\" decoding=\"async\" class=\"size-medium wp-image-578 alignleft\" src=\"https:\/\/pcf08.com\/wp-content\/uploads\/2020\/11\/croizatpcf-300x191.jpg\" alt=\"\" width=\"300\" height=\"191\" srcset=\"https:\/\/pcf08.com\/wp-content\/uploads\/2020\/11\/croizatpcf-300x191.jpg 300w, https:\/\/pcf08.com\/wp-content\/uploads\/2020\/11\/croizatpcf-768x489.jpg 768w, https:\/\/pcf08.com\/wp-content\/uploads\/2020\/11\/croizatpcf.jpg 940w\" sizes=\"(max-width: 300px) 100vw, 300px\" \/>Les trois d\u00e9put\u00e9s de droite des Ardennes se sont exprim\u00e9s diff\u00e9remment lors du vote en premi\u00e8re lecture du projet de loi de financement de la S\u00e9curit\u00e9 Sociale.<\/p>\n<p align=\"justify\">Rappelons que ce projet de loi ne donne pas de moyens suffisants aux h\u00f4pitaux pour r\u00e9pondre \u00e0 la crise sanitaire et pr\u00e9pare le d\u00e9mant\u00e8lement de la S\u00e9curit\u00e9 Sociale en cr\u00e9ant une cinqui\u00e8me branche pour la perte d\u2019autonomie, avec en ligne de mire le d\u00e9mant\u00e8lement de la S\u00e9curit\u00e9 Sociale.<\/p>\n<p align=\"justify\">Cerise sur le g\u00e2teau, un forfait pour les urgences est cr\u00e9\u00e9, pour faire payer les usagers, comme s\u2019ils choisissaient d\u2019aller aux urgences.<\/p>\n<p align=\"justify\">Jean-Luc Warsmann, d\u00e9put\u00e9 du Sedanais, doit oublier \u00e0 Paris les r\u00e9alit\u00e9s locales : il s\u2019est fait voir dans des mobilisations pour la d\u00e9fense de l\u2019h\u00f4pital de Sedan, mais comme l\u2019ann\u00e9e derni\u00e8re, il vote une loi qui l\u2019\u00e9trangle financi\u00e8rement.<\/p>\n<p align=\"justify\"><span style=\"color: #000080;\"><span lang=\"zxx\"><span style=\"color: #000000;\"><span style=\"font-family: Liberation Serif, Times New Roman, serif;\">Les deux autres d\u00e9put\u00e9s ardennais ont vot\u00e9 contre ce projet. A part des raisons politiciennes, on a du mal \u00e0 <\/span><\/span><\/span><\/span><span style=\"color: #000080;\"><span lang=\"zxx\"><span style=\"color: #000000;\"><span style=\"font-family: Liberation Serif, Times New Roman, serif;\">comprendre<\/span><\/span><\/span><\/span><span style=\"color: #000080;\"><span lang=\"zxx\"><span style=\"color: #000000;\"><span style=\"font-family: Liberation Serif, Times New Roman, serif;\"> les raisons de ce vote, sauf l\u2019aggravation de la dette de la S\u00e9curit\u00e9 Sociale. Mais les d\u00e9put\u00e9s Les R\u00e9publicains se gardent bien de toutes propositions pour am\u00e9liorer les recettes de la S\u00e9curit\u00e9 Sociale, comme faire cotiser les revenus financiers.<\/span><\/span><\/span><\/span><\/p>\n","protected":false},"excerpt":{"rendered":"<p>Les trois d\u00e9put\u00e9s de droite des Ardennes se sont exprim\u00e9s diff\u00e9remment lors du vote en premi\u00e8re lecture du projet de loi de financement de la S\u00e9curit\u00e9 Sociale. Rappelons que ce projet de loi ne donne pas de moyens suffisants aux h\u00f4pitaux pour r\u00e9pondre \u00e0 la crise sanitaire et pr\u00e9pare le d\u00e9mant\u00e8lement de la S\u00e9curit\u00e9 Sociale [&hellip;]<\/p>\n","protected":false},"author":4,"featured_media":0,"comment_status":"closed","ping_status":"open","sticky":false,"template":"","format":"standard","meta":{"saved_in_kubio":false,"footnotes":""},"categories":[1],"tags":[],"class_list":["post-577","post","type-post","status-publish","format-standard","hentry","category-non-classe"],"_links":{"self":[{"href":"https:\/\/pcf08.com\/index.php\/wp-json\/wp\/v2\/posts\/577","targetHints":{"allow":["GET"]}}],"collection":[{"href":"https:\/\/pcf08.com\/index.php\/wp-json\/wp\/v2\/posts"}],"about":[{"href":"https:\/\/pcf08.com\/index.php\/wp-json\/wp\/v2\/types\/post"}],"author":[{"embeddable":true,"href":"https:\/\/pcf08.com\/index.php\/wp-json\/wp\/v2\/users\/4"}],"replies":[{"embeddable":true,"href":"https:\/\/pcf08.com\/index.php\/wp-json\/wp\/v2\/comments?post=577"}],"version-history":[{"count":1,"href":"https:\/\/pcf08.com\/index.php\/wp-json\/wp\/v2\/posts\/577\/revisions"}],"predecessor-version":[{"id":579,"href":"https:\/\/pcf08.com\/index.php\/wp-json\/wp\/v2\/posts\/577\/revisions\/579"}],"wp:attachment":[{"href":"https:\/\/pcf08.com\/index.php\/wp-json\/wp\/v2\/media?parent=577"}],"wp:term":[{"taxonomy":"category","embeddable":true,"href":"https:\/\/pcf08.com\/index.php\/wp-json\/wp\/v2\/categories?post=577"},{"taxonomy":"post_tag","embeddable":true,"href":"https:\/\/pcf08.com\/index.php\/wp-json\/wp\/v2\/tags?post=577"}],"curies":[{"name":"wp","href":"https:\/\/api.w.org\/{rel}","templated":true}]}}