{"id":572,"date":"2020-11-12T12:30:19","date_gmt":"2020-11-12T11:30:19","guid":{"rendered":"http:\/\/pcf08.com\/?p=572"},"modified":"2020-11-12T12:30:19","modified_gmt":"2020-11-12T11:30:19","slug":"centenaire-du-mjcf","status":"publish","type":"post","link":"https:\/\/pcf08.com\/index.php\/2020\/11\/12\/centenaire-du-mjcf\/","title":{"rendered":"Centenaire du MJCF"},"content":{"rendered":"<p><img loading=\"lazy\" decoding=\"async\" class=\"size-medium wp-image-573 alignright\" src=\"https:\/\/pcf08.com\/wp-content\/uploads\/2020\/11\/centenairemjcf-300x243.jpg\" alt=\"\" width=\"300\" height=\"243\" srcset=\"https:\/\/pcf08.com\/wp-content\/uploads\/2020\/11\/centenairemjcf-300x243.jpg 300w, https:\/\/pcf08.com\/wp-content\/uploads\/2020\/11\/centenairemjcf.jpg 562w\" sizes=\"(max-width: 300px) 100vw, 300px\" \/>Il y a 100 ans, le 1er Novembre 1920, les Jeunesses socialistes d\u00e9cidaient lors de leur congr\u00e8s de la Bellevilloise de rejoindre l\u2019Internationale Communiste des Jeunes quelques semaines avant que la SFIC (Section Fran\u00e7aise de l\u2019Internationale Communiste, futur PCF, voit le jour lors du c\u00e9l\u00e8bre Congr\u00e8s de Tours. Cet acte fondateur marqua le d\u00e9but de la longue et riche histoire de la Jeunesse Communiste, histoire dans laquelle elle f\u00eet acte d\u2019un engagement ininterrompu dans toutes les luttes de son temps aux c\u00f4t\u00e9s du PCF. Des luttes anti-militaristes et anti-imp\u00e9rialistes, des premi\u00e8res heures lors de l\u2019invasion de la Ruhr par les arm\u00e9es fran\u00e7aises dirig\u00e9es par une bourgeoisie apeur\u00e9e, aux grandes mobilisations du Front Populaire, en passant par le mouvement contre la guerre du Vietnam et sans oublier \u00e9videmment son r\u00f4le dans la R\u00e9sistance. La Jeunesse Communiste pendant ces cent ans a su exposer \u00e0 la France enti\u00e8re les aspirations des jeunes face au capitalisme et \u00e0 l\u2019imp\u00e9rialisme et continuera de le faire sans rel\u00e2che.<\/p>\n<p>Anthony JACOBS-REMACLE<\/p>\n","protected":false},"excerpt":{"rendered":"<p>Il y a 100 ans, le 1er Novembre 1920, les Jeunesses socialistes d\u00e9cidaient lors de leur congr\u00e8s de la Bellevilloise de rejoindre l\u2019Internationale Communiste des Jeunes quelques semaines avant que la SFIC (Section Fran\u00e7aise de l\u2019Internationale Communiste, futur PCF, voit le jour lors du c\u00e9l\u00e8bre Congr\u00e8s de Tours. Cet acte fondateur marqua le d\u00e9but de [&hellip;]<\/p>\n","protected":false},"author":4,"featured_media":0,"comment_status":"closed","ping_status":"open","sticky":false,"template":"","format":"standard","meta":{"saved_in_kubio":false,"footnotes":""},"categories":[1],"tags":[],"class_list":["post-572","post","type-post","status-publish","format-standard","hentry","category-non-classe"],"_links":{"self":[{"href":"https:\/\/pcf08.com\/index.php\/wp-json\/wp\/v2\/posts\/572","targetHints":{"allow":["GET"]}}],"collection":[{"href":"https:\/\/pcf08.com\/index.php\/wp-json\/wp\/v2\/posts"}],"about":[{"href":"https:\/\/pcf08.com\/index.php\/wp-json\/wp\/v2\/types\/post"}],"author":[{"embeddable":true,"href":"https:\/\/pcf08.com\/index.php\/wp-json\/wp\/v2\/users\/4"}],"replies":[{"embeddable":true,"href":"https:\/\/pcf08.com\/index.php\/wp-json\/wp\/v2\/comments?post=572"}],"version-history":[{"count":1,"href":"https:\/\/pcf08.com\/index.php\/wp-json\/wp\/v2\/posts\/572\/revisions"}],"predecessor-version":[{"id":574,"href":"https:\/\/pcf08.com\/index.php\/wp-json\/wp\/v2\/posts\/572\/revisions\/574"}],"wp:attachment":[{"href":"https:\/\/pcf08.com\/index.php\/wp-json\/wp\/v2\/media?parent=572"}],"wp:term":[{"taxonomy":"category","embeddable":true,"href":"https:\/\/pcf08.com\/index.php\/wp-json\/wp\/v2\/categories?post=572"},{"taxonomy":"post_tag","embeddable":true,"href":"https:\/\/pcf08.com\/index.php\/wp-json\/wp\/v2\/tags?post=572"}],"curies":[{"name":"wp","href":"https:\/\/api.w.org\/{rel}","templated":true}]}}