{"id":536,"date":"2020-11-05T11:48:25","date_gmt":"2020-11-05T10:48:25","guid":{"rendered":"http:\/\/pcf08.com\/?p=536"},"modified":"2020-11-05T11:48:25","modified_gmt":"2020-11-05T10:48:25","slug":"pour-la-rehabilitation-collective-des-fusilles-pour-lexemple","status":"publish","type":"post","link":"https:\/\/pcf08.com\/index.php\/2020\/11\/05\/pour-la-rehabilitation-collective-des-fusilles-pour-lexemple\/","title":{"rendered":"Pour la r\u00e9habilitation collective  des fusill\u00e9s pour l\u2019exemple"},"content":{"rendered":"<p align=\"justify\"><span style=\"font-family: Times New Roman, serif;\"><span style=\"font-size: medium;\"><img loading=\"lazy\" decoding=\"async\" class=\"size-medium wp-image-537 alignleft\" src=\"https:\/\/pcf08.com\/wp-content\/uploads\/2020\/11\/11novembre-1-195x300.jpg\" alt=\"\" width=\"195\" height=\"300\" \/>Il y a 102 ans, le 11 novembre 1918, la 1<sup>\u00e8re<\/sup> Guerre Mondiale qui opposa les puissances de l\u2019entente, Grande-Bretagne et France, aux empires centraux ayant pour centre le Reich allemand, prenait fin lors de l\u2019armistice n\u00e9goci\u00e9 et sign\u00e9 par les repr\u00e9sentants des deux coalitions. Cette guerre avait \u00e9clat\u00e9 au moment o\u00f9 les puissances colonialistes avaient pratiquement termin\u00e9 un partage du monde, o\u00f9 elles ont pratiqu\u00e9 sans retenue la violence. <\/span><\/span><\/p>\n<p align=\"justify\"><span style=\"font-family: Times New Roman, serif;\"><span style=\"font-size: medium;\"><span style=\"color: #444444;\">T<\/span>out au long de ces combats les soldats des deux camps ont \u00e9t\u00e9 \u00e9prouv\u00e9s au point qu\u2019ils finissaient par montrer leurs d\u00e9sespoirs, leurs refus de cette guerre par des refus d\u2019engager l\u2019assaut. Alors qu\u2019ils faisaient preuve d\u2019un courage exceptionnel pour d\u00e9fendre leur patrie \u00e0 la souverainet\u00e9 de laquelle ils \u00e9taient profond\u00e9ment attach\u00e9s, le commandement a convoqu\u00e9 devant cette col\u00e8re de la troupe, pour masquer sa responsabilit\u00e9, des conseils de guerre qui provoqu\u00e8rent 2500 condamnations de soldats \u00e0 \u00eatre fusill\u00e9s pour l\u2019exemple dont 639 furent fusill\u00e9s et les autres d\u00e9port\u00e9s. <\/span><\/span><\/p>\n<p align=\"justify\"><span style=\"font-family: Times New Roman, serif;\"><span style=\"font-size: medium;\">En raison des mesures sanitaires nous n\u2019aurons pas cette ann\u00e9e l\u2019occasion de se rassembler en souvenir de nos morts, pour la paix et la fraternit\u00e9 entre les peuples. Encore aujourd\u2019hui, nous exigeons la r\u00e9habilitation collective de tous ces fusill\u00e9s pour l\u2019exemple ce qui permettrait de les honorer sur les monuments aux morts de la guerre 1914-1918, de leur rendre hommage aujourd\u2019hui devant leurs familles et le pays aux c\u00f4t\u00e9s de leurs 1.400.000 camarades tu\u00e9s dans les combats sans oublier les 740.000 invalides, les 3.000.000 de bless\u00e9s et les centaines de milliers de veuves et d\u2019orphelins.<\/span><\/span><\/p>\n<p align=\"right\"><span style=\"font-family: Times New Roman, serif;\"><span style=\"font-size: medium;\">Esteban EVRARD<\/span><\/span><\/p>\n","protected":false},"excerpt":{"rendered":"<p>Il y a 102 ans, le 11 novembre 1918, la 1\u00e8re Guerre Mondiale qui opposa les puissances de l\u2019entente, Grande-Bretagne et France, aux empires centraux ayant pour centre le Reich allemand, prenait fin lors de l\u2019armistice n\u00e9goci\u00e9 et sign\u00e9 par les repr\u00e9sentants des deux coalitions. Cette guerre avait \u00e9clat\u00e9 au moment o\u00f9 les puissances colonialistes [&hellip;]<\/p>\n","protected":false},"author":4,"featured_media":0,"comment_status":"closed","ping_status":"open","sticky":false,"template":"","format":"standard","meta":{"saved_in_kubio":false,"footnotes":""},"categories":[1],"tags":[],"class_list":["post-536","post","type-post","status-publish","format-standard","hentry","category-non-classe"],"_links":{"self":[{"href":"https:\/\/pcf08.com\/index.php\/wp-json\/wp\/v2\/posts\/536","targetHints":{"allow":["GET"]}}],"collection":[{"href":"https:\/\/pcf08.com\/index.php\/wp-json\/wp\/v2\/posts"}],"about":[{"href":"https:\/\/pcf08.com\/index.php\/wp-json\/wp\/v2\/types\/post"}],"author":[{"embeddable":true,"href":"https:\/\/pcf08.com\/index.php\/wp-json\/wp\/v2\/users\/4"}],"replies":[{"embeddable":true,"href":"https:\/\/pcf08.com\/index.php\/wp-json\/wp\/v2\/comments?post=536"}],"version-history":[{"count":1,"href":"https:\/\/pcf08.com\/index.php\/wp-json\/wp\/v2\/posts\/536\/revisions"}],"predecessor-version":[{"id":538,"href":"https:\/\/pcf08.com\/index.php\/wp-json\/wp\/v2\/posts\/536\/revisions\/538"}],"wp:attachment":[{"href":"https:\/\/pcf08.com\/index.php\/wp-json\/wp\/v2\/media?parent=536"}],"wp:term":[{"taxonomy":"category","embeddable":true,"href":"https:\/\/pcf08.com\/index.php\/wp-json\/wp\/v2\/categories?post=536"},{"taxonomy":"post_tag","embeddable":true,"href":"https:\/\/pcf08.com\/index.php\/wp-json\/wp\/v2\/tags?post=536"}],"curies":[{"name":"wp","href":"https:\/\/api.w.org\/{rel}","templated":true}]}}