{"id":533,"date":"2020-11-05T11:46:23","date_gmt":"2020-11-05T10:46:23","guid":{"rendered":"http:\/\/pcf08.com\/?p=533"},"modified":"2020-11-05T11:46:23","modified_gmt":"2020-11-05T10:46:23","slug":"respecter-letat-de-droit-a-tout-prix","status":"publish","type":"post","link":"https:\/\/pcf08.com\/index.php\/2020\/11\/05\/respecter-letat-de-droit-a-tout-prix\/","title":{"rendered":"RESPECTER L&rsquo;ETAT DE DROIT A TOUT PRIX"},"content":{"rendered":"<p align=\"justify\"><span style=\"font-family: Times New Roman, serif;\"><span style=\"font-size: medium;\"><img loading=\"lazy\" decoding=\"async\" class=\"size-medium wp-image-534 alignleft\" src=\"https:\/\/pcf08.com\/wp-content\/uploads\/2020\/11\/Darmanin-277x300.jpg\" alt=\"\" width=\"277\" height=\"300\" \/>Depuis l&rsquo;horrible attentat de Conflans-Sainte-Honorine, le gouvernement montre et gonfle ses muscles.<\/span><\/span><\/p>\n<p align=\"justify\"><span style=\"font-family: Times New Roman, serif;\"><span style=\"font-size: medium;\">Combattre le fascisme notamment islamiste et le terrorisme est une \u00e9vidence mais sans pour cela contourner l\u2019\u00c9tat de droit qui doit garder toute sa place en cette p\u00e9riode gravement tourment\u00e9e.<\/span><\/span><\/p>\n<p align=\"justify\"><span style=\"font-family: Times New Roman, serif;\"><span style=\"font-size: medium;\">La justice doit \u00eatre confort\u00e9e dans son r\u00f4le quant \u00e0 la dissolution d&rsquo;associations en lien avec un islamisme radical. Le droit est la base de notre d\u00e9mocratie.<\/span><\/span><\/p>\n<p align=\"justify\"><span style=\"font-family: Times New Roman, serif;\"><span style=\"font-size: medium;\">La fermet\u00e9 vis \u00e0 vis des terroristes et des int\u00e9gristes s\u2019impose \u00e9videmment mais pas par un \u00c9tat vengeur. Le pouvoir de l&rsquo;ex\u00e9cutif ne doit pas se substituer \u00e0 celui des juges. Il faut renforcer le r\u00f4le de la justice plut\u00f4t que les pouvoirs administratifs.<\/span><\/span><\/p>\n<p align=\"justify\"><span style=\"font-family: Times New Roman, serif;\"><span style=\"font-size: medium;\">Le retour de la R\u00e9publique passe par des services publics pr\u00e9sents partout sur le territoire avec les moyens dont ils ont besoin, notamment l&rsquo;\u00e9cole.<\/span><\/span><\/p>\n<p align=\"justify\"><span style=\"font-family: Times New Roman, serif;\"><span style=\"font-size: medium;\">Toutes les religions sont compatibles avec notre R\u00e9publique la\u00efque.<\/span><\/span><\/p>\n<p align=\"justify\"><span style=\"font-family: Times New Roman, serif;\"><span style=\"font-size: medium;\">Les propos stigmatisants et ambigus du ministre de l&rsquo;int\u00e9rieur ne font qu&rsquo;exacerber les tensions existantes et s\u00e8ment le trouble. Ils ne sont pas dignes d&rsquo;un responsable politique.<\/span><\/span><\/p>\n<p align=\"justify\"><span style=\"font-family: Times New Roman, serif;\"><span style=\"font-size: medium;\">D\u00e9fendre la la\u00efcit\u00e9 passe par le dialogue entre toutes et tous. Laissons la violence aveugle aux terroristes.<\/span><\/span><\/p>\n<p align=\"justify\"><span style=\"font-family: Times New Roman, serif;\"><span style=\"font-size: medium;\">Pour lutter contre l&rsquo;obscurantisme, nos dirigeants doivent agir mais ils seraient bien inspir\u00e9s de garder leur sang froid comme leurs fonctions les y obligent.<\/span><\/span><\/p>\n<p align=\"justify\"><span style=\"color: #000000;\"><span style=\"font-family: Times New Roman, serif;\"><span style=\"font-size: medium;\">Fabien Roussel, secr\u00e9taire national du PCF rappelle aussi l\u2019urgence de lutter contre tous les trafics en particulier d\u2019armes.<\/span><\/span><\/span><\/p>\n","protected":false},"excerpt":{"rendered":"<p>Depuis l&rsquo;horrible attentat de Conflans-Sainte-Honorine, le gouvernement montre et gonfle ses muscles. Combattre le fascisme notamment islamiste et le terrorisme est une \u00e9vidence mais sans pour cela contourner l\u2019\u00c9tat de droit qui doit garder toute sa place en cette p\u00e9riode gravement tourment\u00e9e. La justice doit \u00eatre confort\u00e9e dans son r\u00f4le quant \u00e0 la dissolution d&rsquo;associations [&hellip;]<\/p>\n","protected":false},"author":4,"featured_media":0,"comment_status":"closed","ping_status":"open","sticky":false,"template":"","format":"standard","meta":{"saved_in_kubio":false,"footnotes":""},"categories":[1],"tags":[],"class_list":["post-533","post","type-post","status-publish","format-standard","hentry","category-non-classe"],"_links":{"self":[{"href":"https:\/\/pcf08.com\/index.php\/wp-json\/wp\/v2\/posts\/533","targetHints":{"allow":["GET"]}}],"collection":[{"href":"https:\/\/pcf08.com\/index.php\/wp-json\/wp\/v2\/posts"}],"about":[{"href":"https:\/\/pcf08.com\/index.php\/wp-json\/wp\/v2\/types\/post"}],"author":[{"embeddable":true,"href":"https:\/\/pcf08.com\/index.php\/wp-json\/wp\/v2\/users\/4"}],"replies":[{"embeddable":true,"href":"https:\/\/pcf08.com\/index.php\/wp-json\/wp\/v2\/comments?post=533"}],"version-history":[{"count":1,"href":"https:\/\/pcf08.com\/index.php\/wp-json\/wp\/v2\/posts\/533\/revisions"}],"predecessor-version":[{"id":535,"href":"https:\/\/pcf08.com\/index.php\/wp-json\/wp\/v2\/posts\/533\/revisions\/535"}],"wp:attachment":[{"href":"https:\/\/pcf08.com\/index.php\/wp-json\/wp\/v2\/media?parent=533"}],"wp:term":[{"taxonomy":"category","embeddable":true,"href":"https:\/\/pcf08.com\/index.php\/wp-json\/wp\/v2\/categories?post=533"},{"taxonomy":"post_tag","embeddable":true,"href":"https:\/\/pcf08.com\/index.php\/wp-json\/wp\/v2\/tags?post=533"}],"curies":[{"name":"wp","href":"https:\/\/api.w.org\/{rel}","templated":true}]}}