{"id":526,"date":"2020-10-29T12:24:23","date_gmt":"2020-10-29T11:24:23","guid":{"rendered":"http:\/\/pcf08.com\/?p=526"},"modified":"2023-11-02T18:47:08","modified_gmt":"2023-11-02T17:47:08","slug":"les-ardennes-frappees-par-le-recul-economique-doivent-beneficier-du-plan-de-relance","status":"publish","type":"post","link":"https:\/\/pcf08.com\/index.php\/2020\/10\/29\/les-ardennes-frappees-par-le-recul-economique-doivent-beneficier-du-plan-de-relance\/","title":{"rendered":"Les Ardennes frapp\u00e9es par le recul \u00e9conomique doivent  b\u00e9n\u00e9ficier du plan de relance"},"content":{"rendered":"<p align=\"justify\"><span style=\"font-family: Times New Roman, serif;\"><span style=\"font-size: medium;\">Pour faire face \u00e0 la d\u00e9gradation \u00e9conomique qui d\u00e9coule de la situation sanitaire, le gouvernement a d\u00e9bloqu\u00e9 nationalement quelques 100 milliards (dont 40 milliards de l\u2019Europe) en soutien \u00e0 l\u2019\u00e9conomie. Cette somme est essentiellement destin\u00e9e \u00e0 accompagner les projets d\u2018am\u00e9nagement du territoire. Il est \u00e9vident que les Ardennes doivent \u00eatre prioritaires dans les retomb\u00e9es de ce plan de relance. Selon une \u00e9tude de l\u2019Insee, l\u2019activit\u00e9 \u00e9conomique dans les Ardennes a recul\u00e9 de 31% depuis le d\u00e9but du Covid19.<\/span><\/span><\/p>\n<p align=\"justify\"><span style=\"font-family: Times New Roman, serif;\"><span style=\"font-size: medium;\"> Si cet argent sera le bienvenu, quelques pr\u00e9cautions s\u2019imposent. Ainsi, aucune garantie sur l\u2019emploi n\u2019est demand\u00e9e aux entreprises et aux projets qui seront retenus pour b\u00e9n\u00e9ficier de ce plan. <\/span><\/span><\/p>\n<p align=\"justify\"><span style=\"font-family: Times New Roman, serif;\"><span style=\"font-size: medium;\"> Le d\u00e9put\u00e9 de droite du Sedanais en a profit\u00e9 pour relancer son \u00ab\u00a0Pacte Ardennes\u00a0\u00bb qui comporte quelques 90 fiches \u00e9labor\u00e9es dans la confidentialit\u00e9 la plus totale. Aucune garantie que les aides financi\u00e8res correspondent bien \u00e0 la n\u00e9cessit\u00e9 de d\u00e9velopper notre d\u00e9partement. Les cinq parlementaires ardennais (3 d\u00e9put\u00e9s et 2 s\u00e9nateurs) sont tous sur la m\u00eame longueur d\u2019ondes, celle de la r\u00e9cession. Cerise sur le g\u00e2teau, le Pr\u00e9fet vient d\u2019annoncer la nomination prochaine d\u2019un sous-pr\u00e9fet \u00e0 la relance. Je doute que notre d\u00e9partement ait bien besoin de cette nomination. D\u2019autant que celles que nous avons connues par le pass\u00e9 n\u2019ont pas eu des r\u00e9sultats probants. Dans ce contexte que deviennent l\u2019Agence Ardennes D\u00e9veloppement ou l\u2019Agence d\u2019urbanisme de Reims pour lesquelles les collectivit\u00e9s versent des centaines de milliers d\u2019euros. <\/span><\/span><\/p>\n<p style=\"text-align: right;\" align=\"justify\"><span style=\"font-family: Times New Roman, serif;\"><span style=\"font-size: medium;\">Sylvain DALLA ROSA<\/span><\/span><\/p>\n","protected":false},"excerpt":{"rendered":"<p>Pour faire face \u00e0 la d\u00e9gradation \u00e9conomique qui d\u00e9coule de la situation sanitaire, le gouvernement a d\u00e9bloqu\u00e9 nationalement quelques 100 milliards (dont 40 milliards de l\u2019Europe) en soutien \u00e0 l\u2019\u00e9conomie. Cette somme est essentiellement destin\u00e9e \u00e0 accompagner les projets d\u2018am\u00e9nagement du territoire. Il est \u00e9vident que les Ardennes doivent \u00eatre prioritaires dans les retomb\u00e9es de [&hellip;]<\/p>\n","protected":false},"author":4,"featured_media":0,"comment_status":"closed","ping_status":"open","sticky":false,"template":"","format":"standard","meta":{"saved_in_kubio":false,"footnotes":""},"categories":[1],"tags":[],"class_list":["post-526","post","type-post","status-publish","format-standard","hentry","category-non-classe"],"_links":{"self":[{"href":"https:\/\/pcf08.com\/index.php\/wp-json\/wp\/v2\/posts\/526","targetHints":{"allow":["GET"]}}],"collection":[{"href":"https:\/\/pcf08.com\/index.php\/wp-json\/wp\/v2\/posts"}],"about":[{"href":"https:\/\/pcf08.com\/index.php\/wp-json\/wp\/v2\/types\/post"}],"author":[{"embeddable":true,"href":"https:\/\/pcf08.com\/index.php\/wp-json\/wp\/v2\/users\/4"}],"replies":[{"embeddable":true,"href":"https:\/\/pcf08.com\/index.php\/wp-json\/wp\/v2\/comments?post=526"}],"version-history":[{"count":2,"href":"https:\/\/pcf08.com\/index.php\/wp-json\/wp\/v2\/posts\/526\/revisions"}],"predecessor-version":[{"id":2588,"href":"https:\/\/pcf08.com\/index.php\/wp-json\/wp\/v2\/posts\/526\/revisions\/2588"}],"wp:attachment":[{"href":"https:\/\/pcf08.com\/index.php\/wp-json\/wp\/v2\/media?parent=526"}],"wp:term":[{"taxonomy":"category","embeddable":true,"href":"https:\/\/pcf08.com\/index.php\/wp-json\/wp\/v2\/categories?post=526"},{"taxonomy":"post_tag","embeddable":true,"href":"https:\/\/pcf08.com\/index.php\/wp-json\/wp\/v2\/tags?post=526"}],"curies":[{"name":"wp","href":"https:\/\/api.w.org\/{rel}","templated":true}]}}