{"id":523,"date":"2020-10-29T12:22:34","date_gmt":"2020-10-29T11:22:34","guid":{"rendered":"http:\/\/pcf08.com\/?p=523"},"modified":"2023-11-02T18:47:44","modified_gmt":"2023-11-02T17:47:44","slug":"les-anciens-elus-rayes-dun-trait-de-plume","status":"publish","type":"post","link":"https:\/\/pcf08.com\/index.php\/2020\/10\/29\/les-anciens-elus-rayes-dun-trait-de-plume\/","title":{"rendered":"Les anciens \u00e9lus ray\u00e9s d\u2019un trait de plume"},"content":{"rendered":"<p align=\"justify\"><span style=\"font-family: Times New Roman, serif;\"><span style=\"font-size: medium;\">Jacky Sarazin, secr\u00e9taire de la section du PCF de Revin a \u00e9crit au maire de cette ville\u00a0: <\/span><\/span><\/p>\n<p><span style=\"font-family: Times New Roman, serif;\"><span style=\"font-size: medium;\">\u00ab\u00a0Monsieur le Maire,<\/span><\/span><\/p>\n<p align=\"justify\"><span style=\"font-family: Times New Roman, serif;\"><span style=\"font-size: medium;\">Lors de la s\u00e9ance du Conseil municipal du 30 septembre, vous avez r\u00e9pondu \u00e0 l\u2019opposition que la ville ne publierait plus un avis de d\u00e9c\u00e8s pour les anciens \u00e9lus revinois dont le mandat est ant\u00e9rieur \u00e0 2008.<\/span><\/span><\/p>\n<p align=\"justify\"><span style=\"font-family: Times New Roman, serif;\"><span style=\"font-size: medium;\">Une fois de plus, vous et votre majorit\u00e9 avez pris, sans aucune concertation, une d\u00e9cision plus que contestable, et particuli\u00e8rement m\u00e9prisante pour les anciens \u00e9lus.<\/span><\/span><\/p>\n<p align=\"justify\"><span style=\"font-family: Times New Roman, serif;\"><span style=\"font-size: medium;\">Pour information, vous trouverez, ci-joint, un avis de d\u00e9c\u00e8s publi\u00e9 par le Conseil municipal d\u2019Yvernaumont (140 habitants).<\/span><\/span><\/p>\n<p align=\"justify\"><span style=\"font-family: Times New Roman, serif;\"><span style=\"font-size: medium;\">J\u2019ose esp\u00e9rer que cet exemple vous prouvera que le respect des anciens \u00e9lus est \u00e9vident pour l\u2019ensemble des villes et villages ardennais.<\/span><\/span><\/p>\n<p align=\"justify\"><span style=\"font-family: Times New Roman, serif;\"><span style=\"font-size: medium;\"><span style=\"color: #000000;\">Une nouvelle fois, votre d\u00e9cision d\u00e9grade l\u2019image de notre ville qui n\u2019avait vraiment pas besoin de cela.\u00a0\u00bb<\/span><\/span><\/span><\/p>\n","protected":false},"excerpt":{"rendered":"<p>Jacky Sarazin, secr\u00e9taire de la section du PCF de Revin a \u00e9crit au maire de cette ville\u00a0: \u00ab\u00a0Monsieur le Maire, Lors de la s\u00e9ance du Conseil municipal du 30 septembre, vous avez r\u00e9pondu \u00e0 l\u2019opposition que la ville ne publierait plus un avis de d\u00e9c\u00e8s pour les anciens \u00e9lus revinois dont le mandat est ant\u00e9rieur [&hellip;]<\/p>\n","protected":false},"author":4,"featured_media":0,"comment_status":"closed","ping_status":"open","sticky":false,"template":"","format":"standard","meta":{"saved_in_kubio":false,"footnotes":""},"categories":[1],"tags":[],"class_list":["post-523","post","type-post","status-publish","format-standard","hentry","category-non-classe"],"_links":{"self":[{"href":"https:\/\/pcf08.com\/index.php\/wp-json\/wp\/v2\/posts\/523","targetHints":{"allow":["GET"]}}],"collection":[{"href":"https:\/\/pcf08.com\/index.php\/wp-json\/wp\/v2\/posts"}],"about":[{"href":"https:\/\/pcf08.com\/index.php\/wp-json\/wp\/v2\/types\/post"}],"author":[{"embeddable":true,"href":"https:\/\/pcf08.com\/index.php\/wp-json\/wp\/v2\/users\/4"}],"replies":[{"embeddable":true,"href":"https:\/\/pcf08.com\/index.php\/wp-json\/wp\/v2\/comments?post=523"}],"version-history":[{"count":2,"href":"https:\/\/pcf08.com\/index.php\/wp-json\/wp\/v2\/posts\/523\/revisions"}],"predecessor-version":[{"id":2589,"href":"https:\/\/pcf08.com\/index.php\/wp-json\/wp\/v2\/posts\/523\/revisions\/2589"}],"wp:attachment":[{"href":"https:\/\/pcf08.com\/index.php\/wp-json\/wp\/v2\/media?parent=523"}],"wp:term":[{"taxonomy":"category","embeddable":true,"href":"https:\/\/pcf08.com\/index.php\/wp-json\/wp\/v2\/categories?post=523"},{"taxonomy":"post_tag","embeddable":true,"href":"https:\/\/pcf08.com\/index.php\/wp-json\/wp\/v2\/tags?post=523"}],"curies":[{"name":"wp","href":"https:\/\/api.w.org\/{rel}","templated":true}]}}