{"id":520,"date":"2020-10-29T12:19:02","date_gmt":"2020-10-29T11:19:02","guid":{"rendered":"http:\/\/pcf08.com\/?p=520"},"modified":"2023-11-02T18:48:17","modified_gmt":"2023-11-02T17:48:17","slug":"relations-internationales-le-retour-de-baton","status":"publish","type":"post","link":"https:\/\/pcf08.com\/index.php\/2020\/10\/29\/relations-internationales-le-retour-de-baton\/","title":{"rendered":"Relations internationales,  \u00ab\u00a0le retour de b\u00e2ton\u00a0\u00bb"},"content":{"rendered":"<p align=\"justify\"><span style=\"font-family: Times New Roman, serif;\"><span style=\"font-size: medium;\">Ces derni\u00e8res semaines, le Pr\u00e9sident de la R\u00e9publique fran\u00e7aise s\u2019est largement immisc\u00e9 dans les affaires int\u00e9rieures de certains pays. Cette ing\u00e9rence concerne notamment le Liban ou le Haut-Karabakh\u2026.Loin de nous l\u2019id\u00e9e de pr\u00e9tendre que ces pays sont des mod\u00e8les de d\u00e9mocratie, mais c\u2019est aux peuples concern\u00e9s de prendre leurs affaires en main. Pour son omnipr\u00e9sence sur la sc\u00e8ne internationale, E.Macron vient de recevoir le retour de b\u00e2ton. Sous la houlette de l\u2019autoritaire pr\u00e9sident Turc, une campagne de boycott qui touche les produits fran\u00e7ais, est actuellement en cours et particuli\u00e8rement dans certains pays du Moyen-Orient<\/span><\/span><\/p>\n<p align=\"justify\"><span style=\"font-family: Times New Roman, serif;\"><span style=\"font-size: medium;\"> Les d\u00e9clarations de Macron de ne jamais renoncer aux caricatures du proph\u00e8te Mahomet sont le faux pr\u00e9texte pour justifier ce boycott. Dans notre pays la libert\u00e9 d\u2019expression est un bien pr\u00e9cieux que nous devons continuer \u00e0 pr\u00e9server. Mais le pouvoir fran\u00e7ais ne peut, dans le m\u00eame temps, vendre des armes aux pays concern\u00e9s et leur faire la morale.<\/span><\/span><\/p>\n<p align=\"right\"><span style=\"font-family: Times New Roman, serif;\"><span style=\"font-size: medium;\"> Sylvain DALLA ROSA<\/span><\/span><\/p>\n","protected":false},"excerpt":{"rendered":"<p>Ces derni\u00e8res semaines, le Pr\u00e9sident de la R\u00e9publique fran\u00e7aise s\u2019est largement immisc\u00e9 dans les affaires int\u00e9rieures de certains pays. Cette ing\u00e9rence concerne notamment le Liban ou le Haut-Karabakh\u2026.Loin de nous l\u2019id\u00e9e de pr\u00e9tendre que ces pays sont des mod\u00e8les de d\u00e9mocratie, mais c\u2019est aux peuples concern\u00e9s de prendre leurs affaires en main. Pour son omnipr\u00e9sence [&hellip;]<\/p>\n","protected":false},"author":4,"featured_media":0,"comment_status":"closed","ping_status":"open","sticky":false,"template":"","format":"standard","meta":{"saved_in_kubio":false,"footnotes":""},"categories":[1],"tags":[],"class_list":["post-520","post","type-post","status-publish","format-standard","hentry","category-non-classe"],"_links":{"self":[{"href":"https:\/\/pcf08.com\/index.php\/wp-json\/wp\/v2\/posts\/520","targetHints":{"allow":["GET"]}}],"collection":[{"href":"https:\/\/pcf08.com\/index.php\/wp-json\/wp\/v2\/posts"}],"about":[{"href":"https:\/\/pcf08.com\/index.php\/wp-json\/wp\/v2\/types\/post"}],"author":[{"embeddable":true,"href":"https:\/\/pcf08.com\/index.php\/wp-json\/wp\/v2\/users\/4"}],"replies":[{"embeddable":true,"href":"https:\/\/pcf08.com\/index.php\/wp-json\/wp\/v2\/comments?post=520"}],"version-history":[{"count":2,"href":"https:\/\/pcf08.com\/index.php\/wp-json\/wp\/v2\/posts\/520\/revisions"}],"predecessor-version":[{"id":2590,"href":"https:\/\/pcf08.com\/index.php\/wp-json\/wp\/v2\/posts\/520\/revisions\/2590"}],"wp:attachment":[{"href":"https:\/\/pcf08.com\/index.php\/wp-json\/wp\/v2\/media?parent=520"}],"wp:term":[{"taxonomy":"category","embeddable":true,"href":"https:\/\/pcf08.com\/index.php\/wp-json\/wp\/v2\/categories?post=520"},{"taxonomy":"post_tag","embeddable":true,"href":"https:\/\/pcf08.com\/index.php\/wp-json\/wp\/v2\/tags?post=520"}],"curies":[{"name":"wp","href":"https:\/\/api.w.org\/{rel}","templated":true}]}}