{"id":517,"date":"2020-10-29T12:15:49","date_gmt":"2020-10-29T11:15:49","guid":{"rendered":"http:\/\/pcf08.com\/?p=517"},"modified":"2020-10-29T12:15:49","modified_gmt":"2020-10-29T11:15:49","slug":"le-porte-parole-du-parti-communiste-reagit-a-linscription-collabo-taguee-samedi-a-lentree-de-son-siege-parisien","status":"publish","type":"post","link":"https:\/\/pcf08.com\/index.php\/2020\/10\/29\/le-porte-parole-du-parti-communiste-reagit-a-linscription-collabo-taguee-samedi-a-lentree-de-son-siege-parisien\/","title":{"rendered":"Le porte-parole du Parti communiste r\u00e9agit \u00e0 l&rsquo;inscription \u00abcollabo\u00bb tagu\u00e9e samedi \u00e0 l&rsquo;entr\u00e9e de son si\u00e8ge parisien"},"content":{"rendered":"<p align=\"justify\"><span style=\"font-family: Times New Roman, serif;\"><span style=\"font-size: medium;\"><span style=\"color: #000000;\"><img loading=\"lazy\" decoding=\"async\" class=\"size-medium wp-image-518 alignleft\" src=\"https:\/\/pcf08.com\/wp-content\/uploads\/2020\/10\/photo-Esteban-300x300.jpg\" alt=\"\" width=\"300\" height=\"300\" srcset=\"https:\/\/pcf08.com\/wp-content\/uploads\/2020\/10\/photo-Esteban-300x300.jpg 300w, https:\/\/pcf08.com\/wp-content\/uploads\/2020\/10\/photo-Esteban-1024x1024.jpg 1024w, https:\/\/pcf08.com\/wp-content\/uploads\/2020\/10\/photo-Esteban-150x150.jpg 150w, https:\/\/pcf08.com\/wp-content\/uploads\/2020\/10\/photo-Esteban-768x768.jpg 768w, https:\/\/pcf08.com\/wp-content\/uploads\/2020\/10\/photo-Esteban.jpg 1080w\" sizes=\"(max-width: 300px) 100vw, 300px\" \/>Ian Brossat : \u00abCertains tentent en cet instant tragique d\u2019instruire le proc\u00e8s de la gauche\u00bb<\/span><\/span><\/span><\/p>\n<p align=\"justify\"><span style=\"color: #000000;\"><span style=\"font-family: Times New Roman, serif;\"><span style=\"font-size: medium;\">Le mot \u00abcollabo\u00bb\u00a0 a \u00e9t\u00e9 inscrit \u00e0 l&rsquo;encre rouge sur le d\u00f4me blanc du si\u00e8ge du parti communiste \u00e0 Paris,\u00a0<\/span><\/span><\/span><span style=\"color: #000000; font-family: Times New Roman, serif; font-size: medium;\">samedi. Le \u00a0porte-parole du PCF r\u00e9agit \u00e0 cet acte de vandalisme, qu\u2019il attribue \u00e0 l\u2019extr\u00eame droite.<\/span><\/p>\n<p align=\"justify\"><span style=\"color: #ff3300; font-size: medium; font-family: 'Times New Roman', serif;\">Comment interpr\u00e9tez-vous le tag du terme \u00abcollabo\u00bb devant votre si\u00e8ge ?<\/span><\/p>\n<p align=\"justify\"><span style=\"font-family: Times New Roman, serif;\"><span style=\"font-size: medium;\"><span style=\"color: #000000;\"> Je le vis d\u2019abord comme une infamie. Le Parti communiste, c\u2019est la R\u00e9sistance. Ce tag a \u00e9t\u00e9 dessin\u00e9 sur notre si\u00e8ge au moment o\u00f9 nous comm\u00e9morons le 79<sup>e<\/sup> anniversaire du massacre de Ch\u00e2teaubriant. 27 communistes furent alors fusill\u00e9s par les nazis. Parmi eux, il y avait Guy M\u00f4quet, \u00e2g\u00e9 de 17 ans. <\/span><\/span><\/span><\/p>\n<p align=\"justify\"><span style=\"font-family: Times New Roman, serif;\"><span style=\"font-size: medium;\"><span style=\"color: #000000;\">Ce si\u00e8ge national du PCF est situ\u00e9 place du Colonel-Fabien, du nom de ce r\u00e9sistant fran\u00e7ais auteur du premier attentat contre un militaire nazi, le 21 ao\u00fbt 1941. Quant aux auteurs de ce tag, je n\u2019ai gu\u00e8re de doute sur leur profil. J\u2019y vois la marque et la signature de l\u2019extr\u00eame droite. <\/span><\/span><\/span><\/p>\n<p align=\"justify\"><span style=\"font-family: Times New Roman, serif;\"><span style=\"font-size: medium;\"><span style=\"color: #ff3300;\">Que r\u00e9pondez-vous \u00e0 ceux qui accusent le PCF de complaisance envers le communautarisme et l\u2019islamisme dans le contexte actuel ?<\/span><\/span><\/span><\/p>\n<p align=\"justify\"><span style=\"font-family: Times New Roman, serif;\"><span style=\"font-size: medium;\"><span style=\"color: #000000;\"> Je leur r\u00e9ponds que le PCF n\u2019a aucune le\u00e7on de R\u00e9publique \u00e0 recevoir de personne. La R\u00e9publique fran\u00e7aise, nous la ch\u00e9rissons et nous avons su la d\u00e9fendre les armes \u00e0 la main. <\/span><\/span><\/span><span style=\"font-size: medium;\"><span style=\"color: #000000;\"><span style=\"font-family: Times New Roman, serif;\">Apr\u00e8s ce que nous venons de vivre, on attendrait des responsables politiques qu\u2019ils veillent \u00e0 l\u2019unit\u00e9 du pays. Je constate avec effarement que c\u2019est l\u2019exact inverse qui est en train de se produire. Certains tentent en cet instant tragique d\u2019instruire le proc\u00e8s de la gauche, de la disqualifier voire de la criminaliser. Une chose est certaine. Ce n\u2019est pas la gauche, en tout cas pas la mienne, qui vend des armes \u00e0 l\u2019Arabie saoudite, ce n\u2019est pas ma gauche qui baise les babouches des p\u00e9tromonarques du Golfe et les d\u00e9core de tout ce que la R\u00e9publique compte de distinctions diverses et vari\u00e9es. Pour le reste, ce que nous disons est clair et pr\u00e9cis. Il faut lutter sans faille contre l\u2019islamisme, qui est une forme de fascisme. Cela suppose de condamner avec la plus grande s\u00e9v\u00e9rit\u00e9 <\/span><\/span><span style=\"color: #000000;\"><span style=\"font-family: Times New Roman, serif;\">ceux qui de pr\u00e8s ou de loin ont pr\u00eat\u00e9 main-forte \u00e0 l\u2019assassin de Samuel Paty<\/span><\/span><span style=\"color: #000000;\"><span style=\"font-family: Times New Roman, serif;\">. Et il faut d\u2019un m\u00eame mouvement lutter contre tout qui fait le terreau de cette id\u00e9ologie mortif\u00e8re. Cela suppose de faire revenir l\u2019\u00c9tat dans nos quartiers, pas uniquement sous sa forme r\u00e9pressive mais avec l\u2019ensemble des services publics qui manquent aujourd\u2019hui cruellement. Au premier rang desquels, l\u2019\u00e9cole.<\/span><\/span><\/span><\/p>\n<h6 class=\"western\" align=\"justify\"><span style=\"color: #000000;\"> <span style=\"font-family: Times New Roman, serif;\"><span style=\"font-size: medium;\"><span style=\"color: #ff3300;\">Quelles suites allez-vous donner ? <\/span><\/span><\/span><\/span><\/h6>\n<p align=\"justify\"><span style=\"font-family: Times New Roman, serif;\"><span style=\"font-size: medium;\"><span style=\"color: #000000;\"> Nous allons porter plainte, bien s\u00fbr. Et je ne doute pas les coupables seront identifi\u00e9s et punis. Mais le plus important n\u2019est pas l\u00e0. Nous allons surtout continuer le combat pour une R\u00e9publique sociale et <\/span><span style=\"color: #000000;\">d\u00e9mocratique.<\/span><\/span><\/span><\/p>\n","protected":false},"excerpt":{"rendered":"<p>Ian Brossat : \u00abCertains tentent en cet instant tragique d\u2019instruire le proc\u00e8s de la gauche\u00bb Le mot \u00abcollabo\u00bb\u00a0 a \u00e9t\u00e9 inscrit \u00e0 l&rsquo;encre rouge sur le d\u00f4me blanc du si\u00e8ge du parti communiste \u00e0 Paris,\u00a0samedi. Le \u00a0porte-parole du PCF r\u00e9agit \u00e0 cet acte de vandalisme, qu\u2019il attribue \u00e0 l\u2019extr\u00eame droite. Comment interpr\u00e9tez-vous le tag du [&hellip;]<\/p>\n","protected":false},"author":4,"featured_media":0,"comment_status":"closed","ping_status":"open","sticky":false,"template":"","format":"standard","meta":{"saved_in_kubio":false,"footnotes":""},"categories":[1],"tags":[],"class_list":["post-517","post","type-post","status-publish","format-standard","hentry","category-non-classe"],"_links":{"self":[{"href":"https:\/\/pcf08.com\/index.php\/wp-json\/wp\/v2\/posts\/517","targetHints":{"allow":["GET"]}}],"collection":[{"href":"https:\/\/pcf08.com\/index.php\/wp-json\/wp\/v2\/posts"}],"about":[{"href":"https:\/\/pcf08.com\/index.php\/wp-json\/wp\/v2\/types\/post"}],"author":[{"embeddable":true,"href":"https:\/\/pcf08.com\/index.php\/wp-json\/wp\/v2\/users\/4"}],"replies":[{"embeddable":true,"href":"https:\/\/pcf08.com\/index.php\/wp-json\/wp\/v2\/comments?post=517"}],"version-history":[{"count":1,"href":"https:\/\/pcf08.com\/index.php\/wp-json\/wp\/v2\/posts\/517\/revisions"}],"predecessor-version":[{"id":519,"href":"https:\/\/pcf08.com\/index.php\/wp-json\/wp\/v2\/posts\/517\/revisions\/519"}],"wp:attachment":[{"href":"https:\/\/pcf08.com\/index.php\/wp-json\/wp\/v2\/media?parent=517"}],"wp:term":[{"taxonomy":"category","embeddable":true,"href":"https:\/\/pcf08.com\/index.php\/wp-json\/wp\/v2\/categories?post=517"},{"taxonomy":"post_tag","embeddable":true,"href":"https:\/\/pcf08.com\/index.php\/wp-json\/wp\/v2\/tags?post=517"}],"curies":[{"name":"wp","href":"https:\/\/api.w.org\/{rel}","templated":true}]}}