{"id":51,"date":"2020-01-10T19:29:14","date_gmt":"2020-01-10T18:29:14","guid":{"rendered":"http:\/\/pcf08.com\/?p=51"},"modified":"2020-01-19T19:33:50","modified_gmt":"2020-01-19T18:33:50","slug":"les-entreprises-echappent-au-controle","status":"publish","type":"post","link":"https:\/\/pcf08.com\/index.php\/2020\/01\/10\/les-entreprises-echappent-au-controle\/","title":{"rendered":"Les entreprises \u00e9chappent au contr\u00f4le"},"content":{"rendered":"<p><img loading=\"lazy\" decoding=\"async\" class=\"alignleft wp-image-52 size-medium\" src=\"https:\/\/pcf08.com\/wp-content\/uploads\/2020\/01\/velo-300x169.png\" alt=\"\" width=\"300\" height=\"169\" \/>A Charleville-M\u00e9zi\u00e8res, la liste \u00ab\u00a0Une ville pour tous\u00a0\u00bb propose d\u2019instaurer la gratuit\u00e9 des transports urbains. Pour caler financi\u00e8rement ce projet, Sylvain DALLA ROSA est intervenu lors d\u2019une s\u00e9ance du conseil communautaire d\u2019Ardenne M\u00e9tropole pour demander le nombre d\u2019entreprises qui pratiquent le paiement de 50% des frais de d\u00e9placements alternatifs (bus-deux roues\u2026..). Cette demande avait pour but de connaitre le montant vers\u00e9 par les employeurs sur le territoire de l\u2019agglom\u00e9ration. Avec le passage \u00e0 la gratuit\u00e9 la contribution patronale pourrait diminuer sensiblement. Le vice pr\u00e9sident charg\u00e9 des transports a relay\u00e9 la demande aupr\u00e8s de l\u2019URSSAF. La r\u00e9ponse de l\u2019organisme est une surprise totale. Celui ci avoue l\u2019absence de contr\u00f4le \u00ab\u00a0nous n\u2019avons pas de lisibilit\u00e9 sur le sujet\u00a0\u00bb \u00e9crit il.<br \/>\nEn clair, l\u2019URSSAF ne contr\u00f4le pas les entreprises sur cette question. R\u00e9sultat, les patrons peuvent appliquer \u00e0 leur guise la mesure de prise en charge de 50% des transports des salari\u00e9s. Aux \u00e9lus locaux de se mobiliser pour faire appliquer la loi.<\/p>\n","protected":false},"excerpt":{"rendered":"<p>A Charleville-M\u00e9zi\u00e8res, la liste \u00ab\u00a0Une ville pour tous\u00a0\u00bb propose d\u2019instaurer la gratuit\u00e9 des transports urbains. Pour caler financi\u00e8rement ce projet, Sylvain DALLA ROSA est intervenu lors d\u2019une s\u00e9ance du conseil communautaire d\u2019Ardenne M\u00e9tropole pour demander le nombre d\u2019entreprises qui pratiquent le paiement de 50% des frais de d\u00e9placements alternatifs (bus-deux roues\u2026..). Cette demande avait pour [&hellip;]<\/p>\n","protected":false},"author":1,"featured_media":0,"comment_status":"open","ping_status":"open","sticky":false,"template":"","format":"standard","meta":{"saved_in_kubio":false,"footnotes":""},"categories":[1],"tags":[],"class_list":["post-51","post","type-post","status-publish","format-standard","hentry","category-non-classe"],"_links":{"self":[{"href":"https:\/\/pcf08.com\/index.php\/wp-json\/wp\/v2\/posts\/51","targetHints":{"allow":["GET"]}}],"collection":[{"href":"https:\/\/pcf08.com\/index.php\/wp-json\/wp\/v2\/posts"}],"about":[{"href":"https:\/\/pcf08.com\/index.php\/wp-json\/wp\/v2\/types\/post"}],"author":[{"embeddable":true,"href":"https:\/\/pcf08.com\/index.php\/wp-json\/wp\/v2\/users\/1"}],"replies":[{"embeddable":true,"href":"https:\/\/pcf08.com\/index.php\/wp-json\/wp\/v2\/comments?post=51"}],"version-history":[{"count":1,"href":"https:\/\/pcf08.com\/index.php\/wp-json\/wp\/v2\/posts\/51\/revisions"}],"predecessor-version":[{"id":53,"href":"https:\/\/pcf08.com\/index.php\/wp-json\/wp\/v2\/posts\/51\/revisions\/53"}],"wp:attachment":[{"href":"https:\/\/pcf08.com\/index.php\/wp-json\/wp\/v2\/media?parent=51"}],"wp:term":[{"taxonomy":"category","embeddable":true,"href":"https:\/\/pcf08.com\/index.php\/wp-json\/wp\/v2\/categories?post=51"},{"taxonomy":"post_tag","embeddable":true,"href":"https:\/\/pcf08.com\/index.php\/wp-json\/wp\/v2\/tags?post=51"}],"curies":[{"name":"wp","href":"https:\/\/api.w.org\/{rel}","templated":true}]}}