{"id":485,"date":"2020-10-15T16:25:56","date_gmt":"2020-10-15T14:25:56","guid":{"rendered":"http:\/\/pcf08.com\/?p=485"},"modified":"2020-10-15T16:25:56","modified_gmt":"2020-10-15T14:25:56","slug":"un-departement-fragilise-financierement","status":"publish","type":"post","link":"https:\/\/pcf08.com\/index.php\/2020\/10\/15\/un-departement-fragilise-financierement\/","title":{"rendered":"Un d\u00e9partement fragilis\u00e9 financi\u00e8rement"},"content":{"rendered":"<p align=\"justify\"><span style=\"font-family: Times New Roman, serif;\">Avec les prochaines \u00e9lections d\u00e9partementales (en mars 2021) les d\u00e9partements vont \u00eatre mis sous les feux des projecteurs. Un r\u00e9cent rapport s\u00e9natorial, pr\u00e9sent\u00e9 par C.Cukierman, s\u00e9natrice communiste, souligne \u00ab\u00a0le r\u00f4le incontournable des d\u00e9partements\u00a0\u00bb dans la vie politique, \u00e9conomique et sociale de notre pays. Cependant, d\u2019un territoire \u00e0 l\u2019autre, la situation est tr\u00e8s contrast\u00e9e. Notre d\u00e9partement fait partie des territoires fragilis\u00e9s par la crise \u00e9conomique et sociale. La perte de la clause de comp\u00e9tence g\u00e9n\u00e9rale aggrave \u00e9galement cette situation. Un conseil d\u00e9partemental (CD) ne peut plus depuis 2015 financer des projets port\u00e9s par d\u2019autres collectivit\u00e9s (interco, communes\u2026). A cela vient s\u2019ajouter le renforcement de la politique sociale. L\u2019explosion du RSA c\u2019est, dans les Ardennes, une v\u00e9ritable remise en cause de l\u2019\u00e9quilibre budg\u00e9taire. Pour 2020 le d\u00e9partement a pr\u00e9vu un financement \u00e0 hauteur de 63 millions d\u2019euros uniquement pour le RSA.<\/span><\/p>\n<p align=\"justify\"><span style=\"font-family: Times New Roman, serif;\"> Alors que l\u2019\u00c9tat se d\u00e9sengage financi\u00e8rement de plus en plus fortement, le conseil d\u00e9partemental des Ardennes a recours \u00e0 la fiscalit\u00e9. Pour 2020 celle-ci est en hausse de 1%. Certes, apr\u00e8s la hausse de 10% en 2017, la fiscalit\u00e9 est revenue dans des proportions beaucoup plus raisonnables. Est-elle pour autant acceptable ? En r\u00e9alit\u00e9 ce sont les contribuables ardennais qui r\u00e9\u00e9quilibrent le budget du conseil d\u00e9partemental \u00e0 travers l\u2019imp\u00f4t. La gestion du conseil d\u00e9partemental est \u00e0 l\u2019origine de tensions avec le maire de Charleville-M\u00e9zi\u00e8res qui reproche \u00e0 son coll\u00e8gue pr\u00e9sident du CD d\u2019avoir recours \u00e0 l\u2019imp\u00f4t. C\u2019est l\u2019h\u00f4pital qui se moque de l\u2019infirmerie. <\/span><\/p>\n<p align=\"justify\"><span style=\"font-family: Times New Roman, serif;\"> Derri\u00e8re ces joutes oratoires se profile la bienveillance de la droite ardennaise face au d\u00e9sengagement de l\u2019\u00c9tat. Celui-ci ne tient pas ses promesses de compenser \u00e0 l\u2019euro l\u2019euro tous les transferts de comp\u00e9tence \u00e0 l\u2019exemple du RSA. Il en est de m\u00eame pour l\u2019application d\u2019une politique antisociale de la droite qui aggrave consid\u00e9rablement la situation de pauvret\u00e9 de nombreux Ardennais. A cela<i> <\/i>il faut d\u00e9sormais ajouter le co\u00fbt du Covid 19 qui va avoisiner les 10 millions pour le conseil d\u00e9partemental. En mars prochain, au moment des \u00e9lections, il faudra se souvenir de cette position de la droite. <\/span><\/p>\n<p style=\"text-align: right;\" align=\"justify\">Sylvain Dalla Rosa<\/p>\n","protected":false},"excerpt":{"rendered":"<p>Avec les prochaines \u00e9lections d\u00e9partementales (en mars 2021) les d\u00e9partements vont \u00eatre mis sous les feux des projecteurs. Un r\u00e9cent rapport s\u00e9natorial, pr\u00e9sent\u00e9 par C.Cukierman, s\u00e9natrice communiste, souligne \u00ab\u00a0le r\u00f4le incontournable des d\u00e9partements\u00a0\u00bb dans la vie politique, \u00e9conomique et sociale de notre pays. Cependant, d\u2019un territoire \u00e0 l\u2019autre, la situation est tr\u00e8s contrast\u00e9e. Notre d\u00e9partement [&hellip;]<\/p>\n","protected":false},"author":4,"featured_media":0,"comment_status":"closed","ping_status":"open","sticky":false,"template":"","format":"standard","meta":{"saved_in_kubio":false,"footnotes":""},"categories":[1],"tags":[],"class_list":["post-485","post","type-post","status-publish","format-standard","hentry","category-non-classe"],"_links":{"self":[{"href":"https:\/\/pcf08.com\/index.php\/wp-json\/wp\/v2\/posts\/485","targetHints":{"allow":["GET"]}}],"collection":[{"href":"https:\/\/pcf08.com\/index.php\/wp-json\/wp\/v2\/posts"}],"about":[{"href":"https:\/\/pcf08.com\/index.php\/wp-json\/wp\/v2\/types\/post"}],"author":[{"embeddable":true,"href":"https:\/\/pcf08.com\/index.php\/wp-json\/wp\/v2\/users\/4"}],"replies":[{"embeddable":true,"href":"https:\/\/pcf08.com\/index.php\/wp-json\/wp\/v2\/comments?post=485"}],"version-history":[{"count":1,"href":"https:\/\/pcf08.com\/index.php\/wp-json\/wp\/v2\/posts\/485\/revisions"}],"predecessor-version":[{"id":486,"href":"https:\/\/pcf08.com\/index.php\/wp-json\/wp\/v2\/posts\/485\/revisions\/486"}],"wp:attachment":[{"href":"https:\/\/pcf08.com\/index.php\/wp-json\/wp\/v2\/media?parent=485"}],"wp:term":[{"taxonomy":"category","embeddable":true,"href":"https:\/\/pcf08.com\/index.php\/wp-json\/wp\/v2\/categories?post=485"},{"taxonomy":"post_tag","embeddable":true,"href":"https:\/\/pcf08.com\/index.php\/wp-json\/wp\/v2\/tags?post=485"}],"curies":[{"name":"wp","href":"https:\/\/api.w.org\/{rel}","templated":true}]}}