{"id":48,"date":"2020-01-10T19:20:33","date_gmt":"2020-01-10T18:20:33","guid":{"rendered":"http:\/\/pcf08.com\/?p=48"},"modified":"2020-01-19T19:21:29","modified_gmt":"2020-01-19T18:21:29","slug":"charleville-mezieres-un-budget-qui-manque-dambition","status":"publish","type":"post","link":"https:\/\/pcf08.com\/index.php\/2020\/01\/10\/charleville-mezieres-un-budget-qui-manque-dambition\/","title":{"rendered":"Charleville-M\u00e9zi\u00e8res : un budget qui manque d&rsquo;ambition"},"content":{"rendered":"<p align=\"justify\">\u00ab\u00a0<strong><em>Pour toutes ces raisons je n\u2019ai pas vot\u00e9 le budget<\/em><\/strong>\u00a0\u00bb<br \/>\n<strong>.Sylvain DALLA ROSA<\/strong><\/p>\n<p class=\"western\" align=\"justify\"><span style=\"font-family: Times New Roman, serif;\">Comme l\u2019impose la loi le conseil municipal de Charleville-M\u00e9zi\u00e8res a men\u00e9 un d\u00e9bat sur les orientations budg\u00e9taires (DOB). L\u2019\u00e9tape suivante c\u2019est le vote du budget. Celui-ci a eu lieu le 19 d\u00e9cembre. Entre le DOB et le vote du budget peu de choses ont chang\u00e9. Il est essentiellement question d\u2019ajustements. <\/span><\/p>\n<p align=\"justify\"><span style=\"font-family: Liberation Serif, serif;\"><span style=\"font-size: medium;\"> <span style=\"font-family: Arial Black, sans-serif;\">Il s\u2019agit d\u2019un budget sans ambition.<\/span><\/span><\/span><\/p>\n<p align=\"justify\"><span style=\"font-family: Liberation Serif, serif;\"><span style=\"font-size: medium;\"><span style=\"font-family: Times New Roman, serif;\"> Particuli\u00e8rement en investissements. Concernant le fonctionnement, la droite fait subir une cure d\u2019aust\u00e9rit\u00e9 au personnel municipal. M\u00eame si le taux de la masse salariale progresse pour 2020 de +1,48% cela n\u2019est cependant pas suffisant pour rester \u00e0 effectifs constants. R\u00e9sultat il y aura encore en 2020 des suppressions de postes <\/span><\/span><\/span><\/p>\n<p><span style=\"font-family: Liberation Serif, serif;\"><span style=\"font-size: medium;\"><span style=\"font-family: Times New Roman, serif;\">Sylvain Dalla Rosa est revenu \u00e9galement sur l\u2019encours de la dette. Le d\u00e9bat a montr\u00e9 que ce recours \u00e0 l\u2019emprunt est n\u00e9cessaire pour \u00e9quilibrer le budget. De 78 millions d\u2019euros de dette en 2013 nous sommes \u00e0 74 millions en 2019. Le recours \u00e0 l\u2019emprunt permet \u00e0 des villes comme la notre, qui connaissent une situation financi\u00e8re difficile, de faire des investissements n\u00e9cessaires au d\u00e9veloppement. Apr\u00e8s avoir largement critiqu\u00e9 la gauche, \u00e0 l\u2019\u00e9poque, aujourd\u2019hui la droite carolomac\u00e9rienne fait la m\u00eame chose en ayant recours \u00e0 l\u2019emprunt.<\/span><\/span><\/span><\/p>\n<p align=\"justify\"><span style=\"font-family: Liberation Serif, serif;\"><span style=\"font-size: medium;\"><span style=\"font-family: Times New Roman, serif;\"> Concernant la fiscalit\u00e9, B.Ravignon a d\u00e9clench\u00e9 une pol\u00e9mique avec le conseil d\u00e9partemental auquel il reproche sa hausse importante des imp\u00f4ts. C\u2019est un duel de \u00ab\u00a0fr\u00e8res ennemis\u00a0\u00bb auquel nous assistons. Il s\u2019agit d\u2019une opposition de fa\u00e7ade car nous n\u2019avons jamais entendu des critiques de sa part sur les choix, contestables, fait par le Conseil d\u00e9partemental dans ses investissements. Pour sa part, la ville applique une baisse de la fiscalit\u00e9 depuis 2014. Au total moins 10% en six ans. Il faut cependant relativiser les choses car cette baisse pour les contribuables carolomac\u00e9riens cela repr\u00e9sente en euros une baisse annuelle de 17 \u00e0 18 euros en moyenne.<\/span><\/span><\/span><\/p>\n<p>&nbsp;<\/p>\n","protected":false},"excerpt":{"rendered":"<p>\u00ab\u00a0Pour toutes ces raisons je n\u2019ai pas vot\u00e9 le budget\u00a0\u00bb .Sylvain DALLA ROSA Comme l\u2019impose la loi le conseil municipal de Charleville-M\u00e9zi\u00e8res a men\u00e9 un d\u00e9bat sur les orientations budg\u00e9taires (DOB). L\u2019\u00e9tape suivante c\u2019est le vote du budget. Celui-ci a eu lieu le 19 d\u00e9cembre. Entre le DOB et le vote du budget peu de [&hellip;]<\/p>\n","protected":false},"author":1,"featured_media":0,"comment_status":"open","ping_status":"open","sticky":false,"template":"","format":"standard","meta":{"saved_in_kubio":false,"footnotes":""},"categories":[1],"tags":[],"class_list":["post-48","post","type-post","status-publish","format-standard","hentry","category-non-classe"],"_links":{"self":[{"href":"https:\/\/pcf08.com\/index.php\/wp-json\/wp\/v2\/posts\/48","targetHints":{"allow":["GET"]}}],"collection":[{"href":"https:\/\/pcf08.com\/index.php\/wp-json\/wp\/v2\/posts"}],"about":[{"href":"https:\/\/pcf08.com\/index.php\/wp-json\/wp\/v2\/types\/post"}],"author":[{"embeddable":true,"href":"https:\/\/pcf08.com\/index.php\/wp-json\/wp\/v2\/users\/1"}],"replies":[{"embeddable":true,"href":"https:\/\/pcf08.com\/index.php\/wp-json\/wp\/v2\/comments?post=48"}],"version-history":[{"count":1,"href":"https:\/\/pcf08.com\/index.php\/wp-json\/wp\/v2\/posts\/48\/revisions"}],"predecessor-version":[{"id":49,"href":"https:\/\/pcf08.com\/index.php\/wp-json\/wp\/v2\/posts\/48\/revisions\/49"}],"wp:attachment":[{"href":"https:\/\/pcf08.com\/index.php\/wp-json\/wp\/v2\/media?parent=48"}],"wp:term":[{"taxonomy":"category","embeddable":true,"href":"https:\/\/pcf08.com\/index.php\/wp-json\/wp\/v2\/categories?post=48"},{"taxonomy":"post_tag","embeddable":true,"href":"https:\/\/pcf08.com\/index.php\/wp-json\/wp\/v2\/tags?post=48"}],"curies":[{"name":"wp","href":"https:\/\/api.w.org\/{rel}","templated":true}]}}