{"id":435,"date":"2020-09-24T13:35:31","date_gmt":"2020-09-24T11:35:31","guid":{"rendered":"http:\/\/pcf08.com\/?p=435"},"modified":"2020-09-24T13:35:31","modified_gmt":"2020-09-24T11:35:31","slug":"charleville-mezieres-confirme-sa-place-de-capitale-de-la-marionnette","status":"publish","type":"post","link":"https:\/\/pcf08.com\/index.php\/2020\/09\/24\/charleville-mezieres-confirme-sa-place-de-capitale-de-la-marionnette\/","title":{"rendered":"Charleville-M\u00e9zi\u00e8res confirme sa place de capitale de la marionnette"},"content":{"rendered":"<p><img loading=\"lazy\" decoding=\"async\" class=\"size-medium wp-image-436 alignleft\" src=\"https:\/\/pcf08.com\/wp-content\/uploads\/2020\/09\/affiche-festival-2-203x300.jpeg\" alt=\"\" width=\"203\" height=\"300\" srcset=\"https:\/\/pcf08.com\/wp-content\/uploads\/2020\/09\/affiche-festival-2-203x300.jpeg 203w, https:\/\/pcf08.com\/wp-content\/uploads\/2020\/09\/affiche-festival-2.jpeg 440w\" sizes=\"(max-width: 203px) 100vw, 203px\" \/>A moins d\u2019un an du festival mondial des th\u00e9\u00e2tres de la marionnette, cet art va de nouveau animer notre capitale. Plusieurs \u00e9v\u00e9nements sont d\u2019ores et d\u00e9j\u00e0 au programme. Du 23 au 27 septembre la marionnette est omnipr\u00e9sente dans plusieurs salles de la ville et aux alentours comme \u00e0 Nouzonville \u00e0 travers le mini festival intitul\u00e9 \u00ab\u00a0J-365\u00a0\u00bb. Celui-ci ressemble (en plus petit) au vrai festival afin de mettre l\u2019eau \u00e0 la bouche des touristes et des habitants. Cet \u00e9v\u00e9nement confirme la place qu\u2019occupe la marionnette dans la ville chef lieu des Ardennes. A cette occasion deux livres sur Charleville-M\u00e9zi\u00e8res et la marionnette seront mis en vente.<\/p>\n<p>Si certains veulent nous contester le v\u00e9ritable engouement pour la marionnette il suffit de regarder les chiffres. La participation au festival mondial 2019 a \u00e9t\u00e9 de 170 000 festivaliers, avec un budget de 2,2 millions, le pla\u00e7ant largement en \u00a0t\u00eate des \u00e9v\u00e9nements culturels ardennais.<\/p>\n<p>C\u2019est la derni\u00e8re fois que la directrice du festival a la responsabilit\u00e9 du \u00ab\u00a0J-365\u00a0\u00bb. Anne-Fran\u00e7oise Cabanis prendra sa retraite en 2021. Apr\u00e8s une bonne dizaine d\u2019ann\u00e9es pass\u00e9e \u00e0 la t\u00eate du festival la directrice prendra un repos m\u00e9rit\u00e9. Elle a contribu\u00e9 \u00e0 d\u00e9velopper le festival afin d\u2019en faire le rendez-vous incontournable\u00a0 de tous les marionnettistes de la plan\u00e8te.<\/p>\n<p>Dans l\u2019avenir il faudra \u00e9galement compter sur un projet qui servira \u00e0 conforter le festival avec \u00ab\u00a0cit\u00e9 des arts de la marionnette\u00a0\u00bb. Vot\u00e9 par le conseil municipal ce dispositif avance s\u00e9rieusement notamment avec la cr\u00e9ation de r\u00e9serves mus\u00e9ales qui seront situ\u00e9es rue du Port \u00e0 Charleville-M\u00e9zi\u00e8res. Cette r\u00e9alisation va venir compl\u00e9ter une forte pr\u00e9sence de la marionnette avec en particulier l\u2019ouverture en septembre 2017 de l\u2019\u00c9cole des arts de la marionnette fond\u00e9e par la regrett\u00e9e Margareta Nicolescu.<\/p>\n<p>Une page du festival de la marionnette se tourne, soyons r\u00e9solument offensifs pour garder la qualit\u00e9 des spectacles aussi bien dans le \u00ab\u00a0Off\u00a0\u00bb que dans le \u00ab\u00a0On\u00a0\u00bb. Apr\u00e8s le \u00ab\u00a0J-365\u00a0\u00bb tout le monde se tourne vers le prochain festival qui aura lieu du 17 au 26 septembre 2021.<\/p>\n<p>&nbsp;<\/p>\n","protected":false},"excerpt":{"rendered":"<p>A moins d\u2019un an du festival mondial des th\u00e9\u00e2tres de la marionnette, cet art va de nouveau animer notre capitale. Plusieurs \u00e9v\u00e9nements sont d\u2019ores et d\u00e9j\u00e0 au programme. Du 23 au 27 septembre la marionnette est omnipr\u00e9sente dans plusieurs salles de la ville et aux alentours comme \u00e0 Nouzonville \u00e0 travers le mini festival intitul\u00e9 [&hellip;]<\/p>\n","protected":false},"author":4,"featured_media":0,"comment_status":"closed","ping_status":"open","sticky":false,"template":"","format":"standard","meta":{"saved_in_kubio":false,"footnotes":""},"categories":[1],"tags":[],"class_list":["post-435","post","type-post","status-publish","format-standard","hentry","category-non-classe"],"_links":{"self":[{"href":"https:\/\/pcf08.com\/index.php\/wp-json\/wp\/v2\/posts\/435","targetHints":{"allow":["GET"]}}],"collection":[{"href":"https:\/\/pcf08.com\/index.php\/wp-json\/wp\/v2\/posts"}],"about":[{"href":"https:\/\/pcf08.com\/index.php\/wp-json\/wp\/v2\/types\/post"}],"author":[{"embeddable":true,"href":"https:\/\/pcf08.com\/index.php\/wp-json\/wp\/v2\/users\/4"}],"replies":[{"embeddable":true,"href":"https:\/\/pcf08.com\/index.php\/wp-json\/wp\/v2\/comments?post=435"}],"version-history":[{"count":1,"href":"https:\/\/pcf08.com\/index.php\/wp-json\/wp\/v2\/posts\/435\/revisions"}],"predecessor-version":[{"id":437,"href":"https:\/\/pcf08.com\/index.php\/wp-json\/wp\/v2\/posts\/435\/revisions\/437"}],"wp:attachment":[{"href":"https:\/\/pcf08.com\/index.php\/wp-json\/wp\/v2\/media?parent=435"}],"wp:term":[{"taxonomy":"category","embeddable":true,"href":"https:\/\/pcf08.com\/index.php\/wp-json\/wp\/v2\/categories?post=435"},{"taxonomy":"post_tag","embeddable":true,"href":"https:\/\/pcf08.com\/index.php\/wp-json\/wp\/v2\/tags?post=435"}],"curies":[{"name":"wp","href":"https:\/\/api.w.org\/{rel}","templated":true}]}}