{"id":431,"date":"2020-09-24T13:31:05","date_gmt":"2020-09-24T11:31:05","guid":{"rendered":"http:\/\/pcf08.com\/?p=431"},"modified":"2020-09-24T13:31:05","modified_gmt":"2020-09-24T11:31:05","slug":"les-ardennes-durement-frappes","status":"publish","type":"post","link":"https:\/\/pcf08.com\/index.php\/2020\/09\/24\/les-ardennes-durement-frappes\/","title":{"rendered":"Les Ardennes durement frapp\u00e9s"},"content":{"rendered":"<p>Une r\u00e9cente \u00e9tude de l\u2019Insee montre l\u2019ampleur de la crise \u00e9conomique qu\u2019engendre le COVID19. Dans les Ardennes, \u00e0 fin juin, 3716 demandes de ch\u00f4mage partiel avaient \u00e9t\u00e9 d\u00e9pos\u00e9es. Dans notre d\u00e9partement ce dispositif a concern\u00e9 33 483 salari\u00e9s. Les secteurs les plus touch\u00e9s sont la construction, la restauration ou l\u2019industrie automobile.<\/p>\n<p>Profitant de cette crise profonde sans \u00e9quivalent, le gouvernement en profite pour faire passer ses r\u00e9formes les plus r\u00e9trogrades.<\/p>\n","protected":false},"excerpt":{"rendered":"<p>Une r\u00e9cente \u00e9tude de l\u2019Insee montre l\u2019ampleur de la crise \u00e9conomique qu\u2019engendre le COVID19. Dans les Ardennes, \u00e0 fin juin, 3716 demandes de ch\u00f4mage partiel avaient \u00e9t\u00e9 d\u00e9pos\u00e9es. Dans notre d\u00e9partement ce dispositif a concern\u00e9 33 483 salari\u00e9s. Les secteurs les plus touch\u00e9s sont la construction, la restauration ou l\u2019industrie automobile. Profitant de cette crise [&hellip;]<\/p>\n","protected":false},"author":4,"featured_media":0,"comment_status":"closed","ping_status":"open","sticky":false,"template":"","format":"standard","meta":{"saved_in_kubio":false,"footnotes":""},"categories":[1],"tags":[],"class_list":["post-431","post","type-post","status-publish","format-standard","hentry","category-non-classe"],"_links":{"self":[{"href":"https:\/\/pcf08.com\/index.php\/wp-json\/wp\/v2\/posts\/431","targetHints":{"allow":["GET"]}}],"collection":[{"href":"https:\/\/pcf08.com\/index.php\/wp-json\/wp\/v2\/posts"}],"about":[{"href":"https:\/\/pcf08.com\/index.php\/wp-json\/wp\/v2\/types\/post"}],"author":[{"embeddable":true,"href":"https:\/\/pcf08.com\/index.php\/wp-json\/wp\/v2\/users\/4"}],"replies":[{"embeddable":true,"href":"https:\/\/pcf08.com\/index.php\/wp-json\/wp\/v2\/comments?post=431"}],"version-history":[{"count":1,"href":"https:\/\/pcf08.com\/index.php\/wp-json\/wp\/v2\/posts\/431\/revisions"}],"predecessor-version":[{"id":432,"href":"https:\/\/pcf08.com\/index.php\/wp-json\/wp\/v2\/posts\/431\/revisions\/432"}],"wp:attachment":[{"href":"https:\/\/pcf08.com\/index.php\/wp-json\/wp\/v2\/media?parent=431"}],"wp:term":[{"taxonomy":"category","embeddable":true,"href":"https:\/\/pcf08.com\/index.php\/wp-json\/wp\/v2\/categories?post=431"},{"taxonomy":"post_tag","embeddable":true,"href":"https:\/\/pcf08.com\/index.php\/wp-json\/wp\/v2\/tags?post=431"}],"curies":[{"name":"wp","href":"https:\/\/api.w.org\/{rel}","templated":true}]}}