{"id":418,"date":"2020-09-17T13:09:46","date_gmt":"2020-09-17T11:09:46","guid":{"rendered":"http:\/\/pcf08.com\/?p=418"},"modified":"2020-09-17T13:09:46","modified_gmt":"2020-09-17T11:09:46","slug":"acces-aux-soins-en-difficultes-dans-la-pointe-des-ardennes-et-ailleurs","status":"publish","type":"post","link":"https:\/\/pcf08.com\/index.php\/2020\/09\/17\/acces-aux-soins-en-difficultes-dans-la-pointe-des-ardennes-et-ailleurs\/","title":{"rendered":"Acc\u00e8s aux soins en difficult\u00e9s,  dans la Pointe des Ardennes \u2026 et ailleurs"},"content":{"rendered":"<p><img loading=\"lazy\" decoding=\"async\" class=\"size-medium wp-image-419 alignleft\" src=\"https:\/\/pcf08.com\/wp-content\/uploads\/2020\/09\/invitationag2020-1-300x138.jpg\" alt=\"\" width=\"300\" height=\"138\" srcset=\"https:\/\/pcf08.com\/wp-content\/uploads\/2020\/09\/invitationag2020-1-300x138.jpg 300w, https:\/\/pcf08.com\/wp-content\/uploads\/2020\/09\/invitationag2020-1-768x354.jpg 768w, https:\/\/pcf08.com\/wp-content\/uploads\/2020\/09\/invitationag2020-1.jpg 826w\" sizes=\"(max-width: 300px) 100vw, 300px\" \/>L\u2019Association pour les Soins M\u00e9dicaux des Usagers de la Pointe (ASMUP) tenait son assembl\u00e9e g\u00e9n\u00e9rale ce samedi 12 septembre. Devant les difficult\u00e9s, elle est devenue un v\u00e9ritable service pour la population de la communaut\u00e9 de communes Ardennes Rives de Meuse. Les h\u00f4pitaux belges accueillant des Fran\u00e7ais ont en effet rompu l\u2019accord pr\u00e9vu au d\u00e9but avec les mutuelles, sans doute pour des diff\u00e9rents sur la facturation. Les personnes hospitalis\u00e9es doivent donc payer le tiers payant, parfois des sommes tr\u00e8s importantes, sans toujours l\u2019assurance du remboursement par leurs mutuelles\u00a0: ce sont ainsi sur les familles que rejaillissent les diff\u00e9rents de facturation entre les h\u00f4pitaux et les mutuelles. Heureusement que l\u2019ASMUP est l\u00e0 pour les soutenir\u00a0!<\/p>\n<p>Cela incite \u00e0 deux commentaires\u00a0: l\u2019Union Europ\u00e9enne n\u2019est pas l\u00e0 pour faciliter la vie des populations \u2026 mais pour le capital. Et un remboursement des soins \u00e0 100\u00a0% par la S\u00e9curit\u00e9 Sociale s\u2019impose, dans la Pointe, comme ailleurs.<\/p>\n<p>Cette assembl\u00e9e g\u00e9n\u00e9rale a aussi permis d\u2019apprendre que le SMUR de Fumay fonctionne avec intermittence\u00a0!<\/p>\n<p>Une raison de plus pour soutenir le comit\u00e9 de d\u00e9fense des h\u00f4pitaux de proximit\u00e9 des Ardennes qui tient son assembl\u00e9e g\u00e9n\u00e9rale le 24 septembre.<\/p>\n","protected":false},"excerpt":{"rendered":"<p>L\u2019Association pour les Soins M\u00e9dicaux des Usagers de la Pointe (ASMUP) tenait son assembl\u00e9e g\u00e9n\u00e9rale ce samedi 12 septembre. Devant les difficult\u00e9s, elle est devenue un v\u00e9ritable service pour la population de la communaut\u00e9 de communes Ardennes Rives de Meuse. Les h\u00f4pitaux belges accueillant des Fran\u00e7ais ont en effet rompu l\u2019accord pr\u00e9vu au d\u00e9but avec [&hellip;]<\/p>\n","protected":false},"author":4,"featured_media":0,"comment_status":"closed","ping_status":"open","sticky":false,"template":"","format":"standard","meta":{"saved_in_kubio":false,"footnotes":""},"categories":[1],"tags":[],"class_list":["post-418","post","type-post","status-publish","format-standard","hentry","category-non-classe"],"_links":{"self":[{"href":"https:\/\/pcf08.com\/index.php\/wp-json\/wp\/v2\/posts\/418","targetHints":{"allow":["GET"]}}],"collection":[{"href":"https:\/\/pcf08.com\/index.php\/wp-json\/wp\/v2\/posts"}],"about":[{"href":"https:\/\/pcf08.com\/index.php\/wp-json\/wp\/v2\/types\/post"}],"author":[{"embeddable":true,"href":"https:\/\/pcf08.com\/index.php\/wp-json\/wp\/v2\/users\/4"}],"replies":[{"embeddable":true,"href":"https:\/\/pcf08.com\/index.php\/wp-json\/wp\/v2\/comments?post=418"}],"version-history":[{"count":1,"href":"https:\/\/pcf08.com\/index.php\/wp-json\/wp\/v2\/posts\/418\/revisions"}],"predecessor-version":[{"id":420,"href":"https:\/\/pcf08.com\/index.php\/wp-json\/wp\/v2\/posts\/418\/revisions\/420"}],"wp:attachment":[{"href":"https:\/\/pcf08.com\/index.php\/wp-json\/wp\/v2\/media?parent=418"}],"wp:term":[{"taxonomy":"category","embeddable":true,"href":"https:\/\/pcf08.com\/index.php\/wp-json\/wp\/v2\/categories?post=418"},{"taxonomy":"post_tag","embeddable":true,"href":"https:\/\/pcf08.com\/index.php\/wp-json\/wp\/v2\/tags?post=418"}],"curies":[{"name":"wp","href":"https:\/\/api.w.org\/{rel}","templated":true}]}}