{"id":4071,"date":"2026-04-30T13:37:28","date_gmt":"2026-04-30T11:37:28","guid":{"rendered":"https:\/\/pcf08.com\/?p=4071"},"modified":"2026-04-30T13:37:28","modified_gmt":"2026-04-30T11:37:28","slug":"ceremonie-du-souvenir","status":"publish","type":"post","link":"https:\/\/pcf08.com\/index.php\/2026\/04\/30\/ceremonie-du-souvenir\/","title":{"rendered":"C\u00e9r\u00e9monie du souvenir"},"content":{"rendered":"<p align=\"justify\"><span style=\"color: #050505;\"><span style=\"font-family: Calibri, sans-serif;\"><span style=\"font-size: medium;\"><img loading=\"lazy\" decoding=\"async\" class=\"size-medium wp-image-4072 alignleft\" src=\"https:\/\/pcf08.com\/wp-content\/uploads\/2026\/04\/Photo-Irene-300x225.jpg\" alt=\"\" width=\"300\" height=\"225\" srcset=\"https:\/\/pcf08.com\/wp-content\/uploads\/2026\/04\/Photo-Irene-300x225.jpg 300w, https:\/\/pcf08.com\/wp-content\/uploads\/2026\/04\/Photo-Irene-1024x768.jpg 1024w, https:\/\/pcf08.com\/wp-content\/uploads\/2026\/04\/Photo-Irene-768x576.jpg 768w, https:\/\/pcf08.com\/wp-content\/uploads\/2026\/04\/Photo-Irene-1536x1152.jpg 1536w, https:\/\/pcf08.com\/wp-content\/uploads\/2026\/04\/Photo-Irene-1440x1080.jpg 1440w, https:\/\/pcf08.com\/wp-content\/uploads\/2026\/04\/Photo-Irene.jpg 2048w\" sizes=\"(max-width: 300px) 100vw, 300px\" \/>Pr\u00e9sente ce matin au m\u00e9morial de Berthaucourt, aux sons du chant des Partisans et du chant des Marais, en m\u00e9moire des victimes et h\u00e9ros de la d\u00e9portation de la seconde guerre mondiale. <\/span><\/span><\/span><\/p>\n<p align=\"justify\"><span style=\"color: #050505;\"><span style=\"font-family: Calibri, sans-serif;\"><span style=\"font-size: medium;\">Je souligne l&rsquo;importance de la transmission : conna\u00eetre son histoire pour construire un avenir de Paix o\u00f9 chacun peut vivre libre dans le respect de la Libert\u00e9 de l&rsquo;autre.<\/span><\/span><\/span><\/p>\n<p align=\"justify\"><span style=\"color: #050505;\"><span style=\"font-family: Calibri, sans-serif;\"><span style=\"font-size: medium;\">Aujourd&rsquo;hui, plus que jamais, soyons vigilants contre ceux qui divisent la soci\u00e9t\u00e9. <\/span><\/span><\/span><\/p>\n<p align=\"justify\"><span style=\"color: #050505;\"><span style=\"font-family: Calibri, sans-serif;\"><span style=\"font-size: medium;\">\u00ab\u00a0Chantez, Compagnons, dans la nuit la Libert\u00e9 nous \u00e9coute.\u00a0\u00bb (Chant des Partisans)<\/span><\/span><\/span><\/p>\n<p align=\"right\"><span style=\"color: #050505;\"><span style=\"font-family: Calibri, sans-serif;\"><span style=\"font-size: medium;\">Ir\u00e8ne PERRIN TOININ<\/span><\/span><\/span><\/p>\n<p align=\"right\"><span style=\"color: #050505;\"><span style=\"font-family: Calibri, sans-serif;\"><span style=\"font-size: medium;\">Conseill\u00e8re municipale de Charleville-M\u00e9zi\u00e8res<\/span><\/span><\/span><\/p>\n","protected":false},"excerpt":{"rendered":"<p>Pr\u00e9sente ce matin au m\u00e9morial de Berthaucourt, aux sons du chant des Partisans et du chant des Marais, en m\u00e9moire des victimes et h\u00e9ros de la d\u00e9portation de la seconde guerre mondiale. Je souligne l&rsquo;importance de la transmission : conna\u00eetre son histoire pour construire un avenir de Paix o\u00f9 chacun peut vivre libre dans le [&hellip;]<\/p>\n","protected":false},"author":1,"featured_media":0,"comment_status":"closed","ping_status":"open","sticky":false,"template":"","format":"standard","meta":{"saved_in_kubio":false,"footnotes":""},"categories":[1],"tags":[],"class_list":["post-4071","post","type-post","status-publish","format-standard","hentry","category-non-classe"],"_links":{"self":[{"href":"https:\/\/pcf08.com\/index.php\/wp-json\/wp\/v2\/posts\/4071","targetHints":{"allow":["GET"]}}],"collection":[{"href":"https:\/\/pcf08.com\/index.php\/wp-json\/wp\/v2\/posts"}],"about":[{"href":"https:\/\/pcf08.com\/index.php\/wp-json\/wp\/v2\/types\/post"}],"author":[{"embeddable":true,"href":"https:\/\/pcf08.com\/index.php\/wp-json\/wp\/v2\/users\/1"}],"replies":[{"embeddable":true,"href":"https:\/\/pcf08.com\/index.php\/wp-json\/wp\/v2\/comments?post=4071"}],"version-history":[{"count":1,"href":"https:\/\/pcf08.com\/index.php\/wp-json\/wp\/v2\/posts\/4071\/revisions"}],"predecessor-version":[{"id":4073,"href":"https:\/\/pcf08.com\/index.php\/wp-json\/wp\/v2\/posts\/4071\/revisions\/4073"}],"wp:attachment":[{"href":"https:\/\/pcf08.com\/index.php\/wp-json\/wp\/v2\/media?parent=4071"}],"wp:term":[{"taxonomy":"category","embeddable":true,"href":"https:\/\/pcf08.com\/index.php\/wp-json\/wp\/v2\/categories?post=4071"},{"taxonomy":"post_tag","embeddable":true,"href":"https:\/\/pcf08.com\/index.php\/wp-json\/wp\/v2\/tags?post=4071"}],"curies":[{"name":"wp","href":"https:\/\/api.w.org\/{rel}","templated":true}]}}