{"id":4068,"date":"2026-04-30T13:36:16","date_gmt":"2026-04-30T11:36:16","guid":{"rendered":"https:\/\/pcf08.com\/?p=4068"},"modified":"2026-04-30T13:36:16","modified_gmt":"2026-04-30T11:36:16","slug":"logement","status":"publish","type":"post","link":"https:\/\/pcf08.com\/index.php\/2026\/04\/30\/logement\/","title":{"rendered":"LOGEMENT"},"content":{"rendered":"<p align=\"justify\"><span style=\"font-family: Calibri, sans-serif;\"><img loading=\"lazy\" decoding=\"async\" class=\"size-medium wp-image-4069 alignleft\" src=\"https:\/\/pcf08.com\/wp-content\/uploads\/2026\/04\/logement-300x300.jpg\" alt=\"\" width=\"300\" height=\"300\" srcset=\"https:\/\/pcf08.com\/wp-content\/uploads\/2026\/04\/logement-300x300.jpg 300w, https:\/\/pcf08.com\/wp-content\/uploads\/2026\/04\/logement-150x150.jpg 150w, https:\/\/pcf08.com\/wp-content\/uploads\/2026\/04\/logement-768x768.jpg 768w, https:\/\/pcf08.com\/wp-content\/uploads\/2026\/04\/logement.jpg 1024w\" sizes=\"(max-width: 300px) 100vw, 300px\" \/>La crise du logement, comme beaucoup de pr\u00e9occupation de nos concitoyens, est plus que jamais d\u2019actualit\u00e9.<\/span><\/p>\n<p align=\"justify\"><span style=\"font-family: Calibri, sans-serif;\">Le logement est un des premiers besoins vitaux du bien vivre, il est un facteur cl\u00e9 de la qualit\u00e9 du quotidien. L\u2019alarme a \u00e9t\u00e9 maintes fois donn\u00e9e par les tous les acteurs concern\u00e9s. <\/span><\/p>\n<p align=\"justify\"><span style=\"font-family: Calibri, sans-serif;\">Tout le monde parvient aux m\u00eames conclusions la situation est explosive.<\/span><\/p>\n<p align=\"justify\"><span style=\"font-family: Calibri, sans-serif;\">Les constats sont identiques partout, dans les m\u00e9tropoles, moyennes et petite villes les sans-abri pullulent, les services d\u2019urgence sont satur\u00e9s. La premi\u00e8re des r\u00e9percussions, et non des moindre, est le nombre de d\u00e9c\u00e8s li\u00e9s \u00e0 cette carence. L\u2019esp\u00e9rance de vie actuelle est de 80 ans environ, pour les sans logements elle chute \u00e0 50 ans. On perd 30 ans de vie \u00e0 vivre dans la rue ou dans des squats insalubres.\u00a0 <\/span><\/p>\n<p align=\"justify\"><span style=\"font-family: Calibri, sans-serif;\">Cette situation perdure et s\u2019amplifie dans une totale indiff\u00e9rence et un relatif silence m\u00e9diatique, sauf aux dates cl\u00e9s du r\u00e9tablissement ou d\u2019autorisation du droit d\u2019expulsions, appuy\u00e9s tr\u00e8s souvent par des t\u00e9moignages de marchand de sommeil n\u2019ayant pour but que leur profit.<\/span><\/p>\n<p align=\"justify\"><span style=\"font-family: Calibri, sans-serif;\">Un \u00c9tat qui se donne pour seul objectif \u00ab\u00a0d\u2019abriter\u00a0\u00bb ses concitoyen.es m\u00e9rite-t-il le qualificatif d\u2019\u00c9tat de droit\u00a0?<\/span><\/p>\n<p align=\"justify\"><span style=\"font-family: Calibri, sans-serif;\">Les demandes de logement social ont pratiquement doubl\u00e9 en 10 ans\u00a0: en 2013 on comptait 1,4 millions de demandes, en juin 2024 (derniers chiffres connus) on d\u00e9nombrait 2,7 millions de demandes en cours.<\/span><\/p>\n<p align=\"justify\"><span style=\"font-family: Calibri, sans-serif;\">Cette p\u00e9nurie concourt directement \u00e0 l\u2019augmentation des prix qui engendre une d\u00e9pense exponentielle dans le budget des m\u00e9nages. La courbe montante des loyers voit son \u00e9cart se creuser fortement en comparaison avec celui du revenu de la majorit\u00e9 des citoyen.es<\/span><\/p>\n<p align=\"justify\"><span style=\"font-family: Calibri, sans-serif;\">Un des rares rem\u00e8des, (si tant est que l\u2019on puisse appeler \u00e7a un rem\u00e8de) propos\u00e9 par le 1<sup>er<\/sup> Ministre actuel, autoriser \u00e0 nouveau, la location de ce que l\u2019on appelle les passoires thermiques sous certaines conditions qu\u2019il n\u2019a pas encore communiqu\u00e9es. Puis il a propos\u00e9 un hypoth\u00e9tique projet d\u2019une \u00ab\u00a0troisi\u00e8me g\u00e9n\u00e9ration \u00bb de renouvellement urbain pour la \u00ab\u00a0p\u00e9riode 2030-2040\u00a0\u00bb\u00a0(\u00a0!) Lorsque l\u2019on cherche et voit les r\u00e9sultats des derniers renouvellements de 2014 et 2022, le constat est vite fait, l\u2019am\u00e9lioration reste minime.<\/span><\/p>\n<p align=\"right\"><a name=\"_GoBack1\"><\/a> <span style=\"font-family: Calibri, sans-serif;\">Patrick LATTUADA<\/span><\/p>\n","protected":false},"excerpt":{"rendered":"<p>La crise du logement, comme beaucoup de pr\u00e9occupation de nos concitoyens, est plus que jamais d\u2019actualit\u00e9. Le logement est un des premiers besoins vitaux du bien vivre, il est un facteur cl\u00e9 de la qualit\u00e9 du quotidien. L\u2019alarme a \u00e9t\u00e9 maintes fois donn\u00e9e par les tous les acteurs concern\u00e9s. Tout le monde parvient aux m\u00eames [&hellip;]<\/p>\n","protected":false},"author":1,"featured_media":0,"comment_status":"closed","ping_status":"open","sticky":false,"template":"","format":"standard","meta":{"saved_in_kubio":false,"footnotes":""},"categories":[1],"tags":[],"class_list":["post-4068","post","type-post","status-publish","format-standard","hentry","category-non-classe"],"_links":{"self":[{"href":"https:\/\/pcf08.com\/index.php\/wp-json\/wp\/v2\/posts\/4068","targetHints":{"allow":["GET"]}}],"collection":[{"href":"https:\/\/pcf08.com\/index.php\/wp-json\/wp\/v2\/posts"}],"about":[{"href":"https:\/\/pcf08.com\/index.php\/wp-json\/wp\/v2\/types\/post"}],"author":[{"embeddable":true,"href":"https:\/\/pcf08.com\/index.php\/wp-json\/wp\/v2\/users\/1"}],"replies":[{"embeddable":true,"href":"https:\/\/pcf08.com\/index.php\/wp-json\/wp\/v2\/comments?post=4068"}],"version-history":[{"count":1,"href":"https:\/\/pcf08.com\/index.php\/wp-json\/wp\/v2\/posts\/4068\/revisions"}],"predecessor-version":[{"id":4070,"href":"https:\/\/pcf08.com\/index.php\/wp-json\/wp\/v2\/posts\/4068\/revisions\/4070"}],"wp:attachment":[{"href":"https:\/\/pcf08.com\/index.php\/wp-json\/wp\/v2\/media?parent=4068"}],"wp:term":[{"taxonomy":"category","embeddable":true,"href":"https:\/\/pcf08.com\/index.php\/wp-json\/wp\/v2\/categories?post=4068"},{"taxonomy":"post_tag","embeddable":true,"href":"https:\/\/pcf08.com\/index.php\/wp-json\/wp\/v2\/tags?post=4068"}],"curies":[{"name":"wp","href":"https:\/\/api.w.org\/{rel}","templated":true}]}}