{"id":4065,"date":"2026-04-30T13:34:51","date_gmt":"2026-04-30T11:34:51","guid":{"rendered":"https:\/\/pcf08.com\/?p=4065"},"modified":"2026-04-30T13:34:51","modified_gmt":"2026-04-30T11:34:51","slug":"nouvelles-deurope","status":"publish","type":"post","link":"https:\/\/pcf08.com\/index.php\/2026\/04\/30\/nouvelles-deurope\/","title":{"rendered":"Nouvelles d\u2019Europe"},"content":{"rendered":"<p align=\"justify\"><span style=\"font-family: Calibri, sans-serif;\"><img loading=\"lazy\" decoding=\"async\" class=\"size-full wp-image-4066 alignleft\" src=\"https:\/\/pcf08.com\/wp-content\/uploads\/2026\/04\/Helene-BIDARD.jpg\" alt=\"\" width=\"192\" height=\"267\" \/>H\u00e9l\u00e8ne BIDARD, il est certain que ce nom n\u2019a pas fait la une des journaux derni\u00e8rement. Pourtant H\u00e9l\u00e8ne BIDARD l\u2019aurait m\u00e9rit\u00e9, car elle est la premi\u00e8re femme communiste fran\u00e7aise \u00e0 avoir \u00e9t\u00e9 \u00e9lue 1<sup>\u00e9re<\/sup> vice-pr\u00e9sidente du Parti de la gauche europ\u00e9enne (PGE), \u00e0 l\u2019issue de son 8<sup>\u00e8me<\/sup> congr\u00e8s qui s\u2019est tenu \u00e0 Bruxelles les 17 et 18 avril 2026. <\/span><\/p>\n<p align=\"justify\"><span style=\"font-family: Calibri, sans-serif;\">Cette \u00e9lection d\u00e9montre la reconnaissance pour le PCF du travail qu\u2019il a men\u00e9 au niveau europ\u00e9en.<\/span><\/p>\n<p align=\"justify\"><span style=\"font-family: Calibri, sans-serif;\">Dans une p\u00e9riode marqu\u00e9e par les crises et les tensions, les militants communistes continuent de porter une autre voie\u00a0: celle de la justice sociale et climatique, de la paix, de l\u2019\u00e9galit\u00e9 entre les peuples et du progr\u00e8s.<\/span><\/p>\n<p align=\"justify\"><span style=\"font-family: Calibri, sans-serif;\">La d\u00e9l\u00e9gation du PCF a pris une part active et remarqu\u00e9e aux travaux. Face au durcissement port\u00e9 par des politiques autoritaires de l\u2019extr\u00eame droite, l\u2019acc\u00e9l\u00e9ration des logiques de guerre ont boost\u00e9 une prise de conscience massive pour les forces progressistes du continent. <\/span><\/p>\n<p align=\"justify\"><span style=\"font-family: Calibri, sans-serif;\">Autre temps fort de ce congr\u00e8s, la rencontre avec des repr\u00e9sentants progressistes venus des \u00c9tats- Unis, issus du Parti d\u00e9mocrate et de la gauche am\u00e9ricaine qui ont permis d\u2019ouvrir des perspectives de coop\u00e9ration et de convergence. <\/span><\/p>\n<p align=\"justify\"><span style=\"font-family: Calibri, sans-serif;\">Au-del\u00e0 des constats, ce congr\u00e8s a permis de d\u00e9gager des perspectives politiques claires\u00a0: renforcer les mobilisations sociales, construire des campagnes coordonn\u00e9es \u00e0 l\u2019\u00e9chelle europ\u00e9enne, d\u00e9velopper encore plus des solidarit\u00e9s internationales et structurer une alternative politique capable de r\u00e9pondre \u00e0 la crise sociale, \u00e9cologique et d\u00e9mocratique qui m\u00e8nera \u00e0 la paix.<\/span><\/p>\n<p align=\"justify\"><span style=\"font-family: Calibri, sans-serif;\">La mont\u00e9e de l\u2019extr\u00eame droite rend n\u00e9cessaire la construction d\u2019une gauche europ\u00e9enne offensive prenant source dans la lutte des peuples.<\/span><\/p>\n<p align=\"right\"><span style=\"font-family: Calibri, sans-serif;\">Extrait \u2018\u2019Communistes\u2019\u2019 n\u00b01083 (H\u00e9l\u00e8ne Bidard)<\/span><\/p>\n","protected":false},"excerpt":{"rendered":"<p>H\u00e9l\u00e8ne BIDARD, il est certain que ce nom n\u2019a pas fait la une des journaux derni\u00e8rement. Pourtant H\u00e9l\u00e8ne BIDARD l\u2019aurait m\u00e9rit\u00e9, car elle est la premi\u00e8re femme communiste fran\u00e7aise \u00e0 avoir \u00e9t\u00e9 \u00e9lue 1\u00e9re vice-pr\u00e9sidente du Parti de la gauche europ\u00e9enne (PGE), \u00e0 l\u2019issue de son 8\u00e8me congr\u00e8s qui s\u2019est tenu \u00e0 Bruxelles les 17 [&hellip;]<\/p>\n","protected":false},"author":1,"featured_media":0,"comment_status":"closed","ping_status":"open","sticky":false,"template":"","format":"standard","meta":{"saved_in_kubio":false,"footnotes":""},"categories":[1],"tags":[],"class_list":["post-4065","post","type-post","status-publish","format-standard","hentry","category-non-classe"],"_links":{"self":[{"href":"https:\/\/pcf08.com\/index.php\/wp-json\/wp\/v2\/posts\/4065","targetHints":{"allow":["GET"]}}],"collection":[{"href":"https:\/\/pcf08.com\/index.php\/wp-json\/wp\/v2\/posts"}],"about":[{"href":"https:\/\/pcf08.com\/index.php\/wp-json\/wp\/v2\/types\/post"}],"author":[{"embeddable":true,"href":"https:\/\/pcf08.com\/index.php\/wp-json\/wp\/v2\/users\/1"}],"replies":[{"embeddable":true,"href":"https:\/\/pcf08.com\/index.php\/wp-json\/wp\/v2\/comments?post=4065"}],"version-history":[{"count":1,"href":"https:\/\/pcf08.com\/index.php\/wp-json\/wp\/v2\/posts\/4065\/revisions"}],"predecessor-version":[{"id":4067,"href":"https:\/\/pcf08.com\/index.php\/wp-json\/wp\/v2\/posts\/4065\/revisions\/4067"}],"wp:attachment":[{"href":"https:\/\/pcf08.com\/index.php\/wp-json\/wp\/v2\/media?parent=4065"}],"wp:term":[{"taxonomy":"category","embeddable":true,"href":"https:\/\/pcf08.com\/index.php\/wp-json\/wp\/v2\/categories?post=4065"},{"taxonomy":"post_tag","embeddable":true,"href":"https:\/\/pcf08.com\/index.php\/wp-json\/wp\/v2\/tags?post=4065"}],"curies":[{"name":"wp","href":"https:\/\/api.w.org\/{rel}","templated":true}]}}