{"id":4062,"date":"2026-04-30T13:33:29","date_gmt":"2026-04-30T11:33:29","guid":{"rendered":"https:\/\/pcf08.com\/?p=4062"},"modified":"2026-04-30T13:33:29","modified_gmt":"2026-04-30T11:33:29","slug":"une-histoire-dans-le-siecle","status":"publish","type":"post","link":"https:\/\/pcf08.com\/index.php\/2026\/04\/30\/une-histoire-dans-le-siecle\/","title":{"rendered":"Une histoire dans le si\u00e8cle"},"content":{"rendered":"<p align=\"justify\"><span style=\"font-family: Calibri, sans-serif;\"><img loading=\"lazy\" decoding=\"async\" class=\"size-medium wp-image-4063 alignleft\" src=\"https:\/\/pcf08.com\/wp-content\/uploads\/2026\/04\/HUMA-NDA-211x300.jpg\" alt=\"\" width=\"211\" height=\"300\" srcset=\"https:\/\/pcf08.com\/wp-content\/uploads\/2026\/04\/HUMA-NDA-211x300.jpg 211w, https:\/\/pcf08.com\/wp-content\/uploads\/2026\/04\/HUMA-NDA-722x1024.jpg 722w, https:\/\/pcf08.com\/wp-content\/uploads\/2026\/04\/HUMA-NDA-768x1090.jpg 768w, https:\/\/pcf08.com\/wp-content\/uploads\/2026\/04\/HUMA-NDA-1082x1536.jpg 1082w, https:\/\/pcf08.com\/wp-content\/uploads\/2026\/04\/HUMA-NDA-761x1080.jpg 761w, https:\/\/pcf08.com\/wp-content\/uploads\/2026\/04\/HUMA-NDA.jpg 1226w\" sizes=\"(max-width: 211px) 100vw, 211px\" \/>Le 1<sup>er<\/sup> num\u00e9ro de \u00ab\u00a0L\u2019Humanit\u00e9 dimanche\u00a0\u00bb para\u00eet le 3 octobre 1948, date \u00e0 laquelle les mineurs entament une grande gr\u00e8ve face au gouvernement. Une r\u00e9pression brutale commence avec la mobilisation de l\u2019arm\u00e9e et ses tanks dans les corons. Des morts, de nombreux bless\u00e9s pour des gueules noires qui d\u00e9fendaient un niveau de vie d\u00e9cent.<\/span><\/p>\n<p align=\"justify\"><span style=\"font-family: Calibri, sans-serif;\">En 1948, le gouvernement pr\u00e9textant le manque de papier d\u00e9cide de supprimer l\u2019\u00e9dition des quotidiens le dimanche. Cela visait plus particuli\u00e8rement \u00ab\u00a0L\u2019Huma\u00a0\u00bb, meilleure vente de la semaine. Pour contourner l\u2019obstacle et surmonter les attaques commerciales et politiques, Andr\u00e9 Carrel, r\u00e9sistant, vice-pr\u00e9sident du Comit\u00e9 parisien de la Lib\u00e9ration et r\u00e9dacteur en chef de 1957 \u00e0 1981, cr\u00e9e \u00ab\u00a0L\u2019Humanit\u00e9 dimanche\u00a0\u00bb. Grand format, son contenu diff\u00e8re du quotidien avec des jeux, des fictions litt\u00e9raires, des rubriques loisirs. Il est vendu dans les kiosques et surtout dans les 13 000 comit\u00e9s de d\u00e9fense de l\u2019Humanit\u00e9 mais aussi en portage musette \u00e0 l\u2019\u00e9paule, en porte \u00e0 porte et ventes de masse ce qui structurent l\u2019activit\u00e9 militante des ann\u00e9es 50.<\/span><\/p>\n<p align=\"justify\"><span style=\"font-family: Calibri, sans-serif;\">L\u2019hebdomadaire change de formule, s\u2019adapte aux attentes de son lectorat selon l\u2019\u00e9poque. Paix au Vietnam, guerre d\u2019Alg\u00e9rie, sp\u00e9cial \u00ab\u00a0P\u00e9trole\u00a0\u00bb en 1973 vendu \u00e0 plus d\u20191 million d\u2019exemplaires, programme commun, campagnes pr\u00e9sidentielles, projet de Constitution europ\u00e9enne, luttes sociales.<\/span><\/p>\n<p align=\"justify\"><span style=\"font-family: Calibri, sans-serif;\">La premi\u00e8re g\u00e9n\u00e9ration, ce fut de grands r\u00e9sistants, une 2<sup>\u00e8me<\/sup> a \u00ab\u00a0tremp\u00e9\u00a0\u00bb dans les luttes anticoloniales.<\/span><\/p>\n<p align=\"justify\"><span style=\"font-family: Calibri, sans-serif;\">Des grands noms ont \u00e9crit, dessin\u00e9 et photographi\u00e9 pour l\u2019\u00ab\u00a0HD\u00a0\u00bb, la vie politique, les luttes sociales, le combat pour la paix, la solidarit\u00e9 internationale, les sciences, la vie des id\u00e9es avec l\u2019intervention de grand chercheurs de tous horizons ont marqu\u00e9 son existence. <\/span><\/p>\n<p align=\"justify\"><span style=\"font-family: Calibri, sans-serif;\">En 1997, l\u2019HD devient \u00ab\u00a0Humanit\u00e9 hebdo\u00a0\u00bb. <\/span><\/p>\n<p align=\"justify\"><span style=\"font-family: Calibri, sans-serif;\">En Mars 1999, le magazine dispara\u00eet puis est relanc\u00e9 en 2006 et rena\u00eet en plein mouvement contre le CPE. Il suit les luttes dans le pays mais aussi les combats men\u00e9s \u00e0 l\u2019international. Il participe \u00e0 r\u00e9v\u00e9ler des scandales comme la fraude fiscale \u00e0 UBS en 2012 et plus r\u00e9cemment le management toxique du festival de BD d\u2019Angoul\u00eame et sa refondation pr\u00e9vue en 2027.<\/span><\/p>\n<p align=\"justify\"><span style=\"font-family: Calibri, sans-serif;\">En janvier 2022 l\u2019\u00ab\u00a0HD\u00a0\u00bb devient \u00ab\u00a0L\u2019Humanit\u00e9 magazine\u00a0\u00bb. F\u00e9minisme et combats \u00e9cologiques y tiennent une grande place mais aussi des sujets sociaux et des reportages sur celles et ceux qu\u2019on ne voit pas \u00e0 la t\u00e9l\u00e9.<\/span><\/p>\n<p align=\"justify\"><span style=\"font-family: Calibri, sans-serif;\">Malgr\u00e9 l\u2019\u00e9volution des usages num\u00e9riques, la vente militante est install\u00e9e dans le patrimoine national. Faire circuler la presse communiste durant certaines p\u00e9riodes n\u00e9cessitait du courage, notamment dans les ann\u00e9es 50 au cours des affrontements li\u00e9s aux guerres coloniales et certains l\u2019ont pay\u00e9 de leur vie pendant l\u2019Occupation. Aujourd\u2019hui encore, des centaines de communistes engag\u00e9s frappent toujours aux portes ou tiennent des postes de vente. Magazine tant de fois censur\u00e9, \u00e9trangl\u00e9, il fait se lever chaque semaine l\u2019espoir gr\u00e2ce \u00e0 un d\u00e9vouement sans pareil.<\/span><\/p>\n<p align=\"justify\"><span style=\"font-family: Calibri, sans-serif;\">Alors, avec ce num\u00e9ro 1000, longue vie \u00e0 l\u2019\u00ab\u00a0Humanit\u00e9 magazine\u00a0\u00bb\u00a0! Une presse rebelle et pleine d\u2019humanit\u00e9.<\/span><\/p>\n<p align=\"right\"><span style=\"font-family: Calibri, sans-serif;\">Corine POSTAL <\/span><\/p>\n","protected":false},"excerpt":{"rendered":"<p>Le 1er num\u00e9ro de \u00ab\u00a0L\u2019Humanit\u00e9 dimanche\u00a0\u00bb para\u00eet le 3 octobre 1948, date \u00e0 laquelle les mineurs entament une grande gr\u00e8ve face au gouvernement. Une r\u00e9pression brutale commence avec la mobilisation de l\u2019arm\u00e9e et ses tanks dans les corons. Des morts, de nombreux bless\u00e9s pour des gueules noires qui d\u00e9fendaient un niveau de vie d\u00e9cent. En [&hellip;]<\/p>\n","protected":false},"author":1,"featured_media":0,"comment_status":"closed","ping_status":"open","sticky":false,"template":"","format":"standard","meta":{"saved_in_kubio":false,"footnotes":""},"categories":[1],"tags":[],"class_list":["post-4062","post","type-post","status-publish","format-standard","hentry","category-non-classe"],"_links":{"self":[{"href":"https:\/\/pcf08.com\/index.php\/wp-json\/wp\/v2\/posts\/4062","targetHints":{"allow":["GET"]}}],"collection":[{"href":"https:\/\/pcf08.com\/index.php\/wp-json\/wp\/v2\/posts"}],"about":[{"href":"https:\/\/pcf08.com\/index.php\/wp-json\/wp\/v2\/types\/post"}],"author":[{"embeddable":true,"href":"https:\/\/pcf08.com\/index.php\/wp-json\/wp\/v2\/users\/1"}],"replies":[{"embeddable":true,"href":"https:\/\/pcf08.com\/index.php\/wp-json\/wp\/v2\/comments?post=4062"}],"version-history":[{"count":1,"href":"https:\/\/pcf08.com\/index.php\/wp-json\/wp\/v2\/posts\/4062\/revisions"}],"predecessor-version":[{"id":4064,"href":"https:\/\/pcf08.com\/index.php\/wp-json\/wp\/v2\/posts\/4062\/revisions\/4064"}],"wp:attachment":[{"href":"https:\/\/pcf08.com\/index.php\/wp-json\/wp\/v2\/media?parent=4062"}],"wp:term":[{"taxonomy":"category","embeddable":true,"href":"https:\/\/pcf08.com\/index.php\/wp-json\/wp\/v2\/categories?post=4062"},{"taxonomy":"post_tag","embeddable":true,"href":"https:\/\/pcf08.com\/index.php\/wp-json\/wp\/v2\/tags?post=4062"}],"curies":[{"name":"wp","href":"https:\/\/api.w.org\/{rel}","templated":true}]}}