{"id":402,"date":"2020-09-10T14:04:08","date_gmt":"2020-09-10T12:04:08","guid":{"rendered":"http:\/\/pcf08.com\/?p=402"},"modified":"2020-09-10T14:04:08","modified_gmt":"2020-09-10T12:04:08","slug":"la-rentree-de-la-jeunesse-communiste","status":"publish","type":"post","link":"https:\/\/pcf08.com\/index.php\/2020\/09\/10\/la-rentree-de-la-jeunesse-communiste\/","title":{"rendered":"La rentr\u00e9e de la Jeunesse Communiste"},"content":{"rendered":"<p class=\"Standard\" style=\"text-align: justify; text-indent: 21.3pt;\"><b> <img loading=\"lazy\" decoding=\"async\" class=\"size-full wp-image-403 alignleft\" src=\"https:\/\/pcf08.com\/wp-content\/uploads\/2020\/09\/logo-JC-08.png\" alt=\"\" width=\"225\" height=\"225\" srcset=\"https:\/\/pcf08.com\/wp-content\/uploads\/2020\/09\/logo-JC-08.png 225w, https:\/\/pcf08.com\/wp-content\/uploads\/2020\/09\/logo-JC-08-150x150.png 150w\" sizes=\"(max-width: 225px) 100vw, 225px\" \/>La F\u00e9d\u00e9ration des Ardennes du Mouvement des Jeunes Communistes de France revient en force en cette rentr\u00e9e des classes 2020.\u00a0 D\u00e9termin\u00e9s \u00e0 former un Front Uni de la Jeunesse, et fort de nos revendications, nous nous efforcerons de d\u00e9fendre nos droits et d\u2019en conqu\u00e9rir de nouveaux dans ce contexte de mise \u00e0 sac de l\u2019\u00e9ducation nationale incarn\u00e9e r\u00e9cemment par les r\u00e9formes Blanquer et sur fond de crise sanitaire et \u00e9conomique qui touche durement la jeunesse, la plongeant toujours plus s\u00fbrement vers la pr\u00e9carit\u00e9.<\/b><\/p>\n<p class=\"Standard\" style=\"text-align: justify; text-indent: 21.3pt;\">Les jeunes ne paieront pas la crise !<\/p>\n<p class=\"Standard\" style=\"text-align: justify; text-indent: 21.3pt;\"><span style=\"text-indent: 21.3pt;\">Mercredi 2 septembre, d\u00e8s 7h15 nous \u00e9tions devant le lyc\u00e9e Chanzy pour souhaiter une bonne rentr\u00e9e aux secondes.\u00a0<\/span><\/p>\n<p class=\"Standard\" style=\"text-align: justify; text-indent: 21.3pt;\">Nous avons distribu\u00e9 un tract exposant nos diff\u00e9rentes revendications, tous ensemble luttons pour conqu\u00e9rir de nouveaux droits dans les diff\u00e9rents \u00e9tablissements.<\/p>\n<p class=\"Standard\" style=\"text-align: justify; text-indent: 21.3pt;\">Organisons notre col\u00e8re !\u00a0Adh\u00e9rez et faites adh\u00e9rer \u00e0 la JC.<\/p>\n","protected":false},"excerpt":{"rendered":"<p>La F\u00e9d\u00e9ration des Ardennes du Mouvement des Jeunes Communistes de France revient en force en cette rentr\u00e9e des classes 2020.\u00a0 D\u00e9termin\u00e9s \u00e0 former un Front Uni de la Jeunesse, et fort de nos revendications, nous nous efforcerons de d\u00e9fendre nos droits et d\u2019en conqu\u00e9rir de nouveaux dans ce contexte de mise \u00e0 sac de l\u2019\u00e9ducation [&hellip;]<\/p>\n","protected":false},"author":4,"featured_media":0,"comment_status":"closed","ping_status":"open","sticky":false,"template":"","format":"standard","meta":{"saved_in_kubio":false,"footnotes":""},"categories":[1],"tags":[],"class_list":["post-402","post","type-post","status-publish","format-standard","hentry","category-non-classe"],"_links":{"self":[{"href":"https:\/\/pcf08.com\/index.php\/wp-json\/wp\/v2\/posts\/402","targetHints":{"allow":["GET"]}}],"collection":[{"href":"https:\/\/pcf08.com\/index.php\/wp-json\/wp\/v2\/posts"}],"about":[{"href":"https:\/\/pcf08.com\/index.php\/wp-json\/wp\/v2\/types\/post"}],"author":[{"embeddable":true,"href":"https:\/\/pcf08.com\/index.php\/wp-json\/wp\/v2\/users\/4"}],"replies":[{"embeddable":true,"href":"https:\/\/pcf08.com\/index.php\/wp-json\/wp\/v2\/comments?post=402"}],"version-history":[{"count":1,"href":"https:\/\/pcf08.com\/index.php\/wp-json\/wp\/v2\/posts\/402\/revisions"}],"predecessor-version":[{"id":404,"href":"https:\/\/pcf08.com\/index.php\/wp-json\/wp\/v2\/posts\/402\/revisions\/404"}],"wp:attachment":[{"href":"https:\/\/pcf08.com\/index.php\/wp-json\/wp\/v2\/media?parent=402"}],"wp:term":[{"taxonomy":"category","embeddable":true,"href":"https:\/\/pcf08.com\/index.php\/wp-json\/wp\/v2\/categories?post=402"},{"taxonomy":"post_tag","embeddable":true,"href":"https:\/\/pcf08.com\/index.php\/wp-json\/wp\/v2\/tags?post=402"}],"curies":[{"name":"wp","href":"https:\/\/api.w.org\/{rel}","templated":true}]}}