{"id":3978,"date":"2026-03-11T16:46:14","date_gmt":"2026-03-11T15:46:14","guid":{"rendered":"https:\/\/pcf08.com\/?p=3978"},"modified":"2026-03-11T16:46:14","modified_gmt":"2026-03-11T15:46:14","slug":"aymeric-aydin-baran","status":"publish","type":"post","link":"https:\/\/pcf08.com\/index.php\/2026\/03\/11\/aymeric-aydin-baran\/","title":{"rendered":"Aymeric Aydin BARAN"},"content":{"rendered":"<p align=\"justify\"><span style=\"color: #000000;\"><span style=\"font-size: medium;\"><img loading=\"lazy\" decoding=\"async\" class=\"size-medium wp-image-3979 alignleft\" src=\"https:\/\/pcf08.com\/wp-content\/uploads\/2026\/03\/aimeric-250x300.jpg\" alt=\"\" width=\"250\" height=\"300\" srcset=\"https:\/\/pcf08.com\/wp-content\/uploads\/2026\/03\/aimeric-250x300.jpg 250w, https:\/\/pcf08.com\/wp-content\/uploads\/2026\/03\/aimeric-853x1024.jpg 853w, https:\/\/pcf08.com\/wp-content\/uploads\/2026\/03\/aimeric-768x922.jpg 768w, https:\/\/pcf08.com\/wp-content\/uploads\/2026\/03\/aimeric-900x1080.jpg 900w, https:\/\/pcf08.com\/wp-content\/uploads\/2026\/03\/aimeric.jpg 960w\" sizes=\"(max-width: 250px) 100vw, 250px\" \/>J&rsquo;ai 41 ans et je suis interpr\u00e8te\/traducteur asserment\u00e9 aupr\u00e8s de la cour d&rsquo;appel de Reims. <\/span><\/span><\/p>\n<p align=\"justify\"><span style=\"color: #000000;\"><span style=\"font-size: medium;\">Je suis membre du Parti Communiste Fran\u00e7ais (PCF) depuis 2004. Le PCF est, selon moi, le parti politique fran\u00e7ais qui v\u00e9hicule le mieux la culture fran\u00e7aise h\u00e9rit\u00e9e de la R\u00e9volution fran\u00e7aise. C&rsquo;est un parti politique qui vise \u00e0 freiner les m\u00e9faits du pouvoir politique et le pouvoir des patrons contre les concitoyens qui n&rsquo;ont ni pouvoir ni argent. Le PCF est le parti d&rsquo;une soci\u00e9t\u00e9, compos\u00e9e de concitoyens, qui aspirent \u00e0 rester libres et \u00e9gaux d\u00e8s la naissance. Il lutte pour que la France devienne une r\u00e9publique d\u00e9mocratique, libre, \u00e9mancipatrice des travailleurs, des femmes et de tous les habitants du pays et des peuples du monde. <\/span><\/span><\/p>\n<p align=\"justify\"><span style=\"color: #000000;\"><span style=\"font-size: medium;\">En tant qu&rsquo;habitant de Charleville-M\u00e9zi\u00e8res, je veux porter et promouvoir ces principes fi\u00e8rement. Les \u00e9lections municipales sont un pilier important de la d\u00e9mocratie locale. Sans principes solides et sans compr\u00e9hension historique, les institutions r\u00e9gies par ces \u00e9lections peuvent devenir le repaire des profiteurs et des opportunistes : au lieu de servir les habitants de la ville, ces personnes visent le profit personnel et imm\u00e9diat. Il est pratiquement prouv\u00e9 que le pouvoir corrompt, le d\u00e9lai maximum pour \u00e9chapper \u00e0 la corruption est de 8 ans. Peu importe les r\u00e9sultats, le maire actuel de notre ville est assis sur ce si\u00e8ge depuis 12 ans. Sans changement, l&rsquo;eau stagnante de la d\u00e9mocratie ne peut que se troubler. Il est temps de changer. <\/span><\/span><\/p>\n<p align=\"justify\"><span style=\"font-size: medium;\"><span style=\"color: #000000;\">Le PCF, avec ses alli\u00e9s, est candidat pour participer \u00e0 ce changement. Peu importe o\u00f9 nous sommes, en notre pr\u00e9sence, l&rsquo;int\u00e9r\u00eat de ceux qui ne sont pas au pouvoir passera toujours avant ceux qui gouvernent.<\/span> <\/span><\/p>\n","protected":false},"excerpt":{"rendered":"<p>J&rsquo;ai 41 ans et je suis interpr\u00e8te\/traducteur asserment\u00e9 aupr\u00e8s de la cour d&rsquo;appel de Reims. Je suis membre du Parti Communiste Fran\u00e7ais (PCF) depuis 2004. Le PCF est, selon moi, le parti politique fran\u00e7ais qui v\u00e9hicule le mieux la culture fran\u00e7aise h\u00e9rit\u00e9e de la R\u00e9volution fran\u00e7aise. C&rsquo;est un parti politique qui vise \u00e0 freiner les [&hellip;]<\/p>\n","protected":false},"author":4,"featured_media":0,"comment_status":"closed","ping_status":"open","sticky":false,"template":"","format":"standard","meta":{"saved_in_kubio":false,"footnotes":""},"categories":[1],"tags":[],"class_list":["post-3978","post","type-post","status-publish","format-standard","hentry","category-non-classe"],"_links":{"self":[{"href":"https:\/\/pcf08.com\/index.php\/wp-json\/wp\/v2\/posts\/3978","targetHints":{"allow":["GET"]}}],"collection":[{"href":"https:\/\/pcf08.com\/index.php\/wp-json\/wp\/v2\/posts"}],"about":[{"href":"https:\/\/pcf08.com\/index.php\/wp-json\/wp\/v2\/types\/post"}],"author":[{"embeddable":true,"href":"https:\/\/pcf08.com\/index.php\/wp-json\/wp\/v2\/users\/4"}],"replies":[{"embeddable":true,"href":"https:\/\/pcf08.com\/index.php\/wp-json\/wp\/v2\/comments?post=3978"}],"version-history":[{"count":1,"href":"https:\/\/pcf08.com\/index.php\/wp-json\/wp\/v2\/posts\/3978\/revisions"}],"predecessor-version":[{"id":3980,"href":"https:\/\/pcf08.com\/index.php\/wp-json\/wp\/v2\/posts\/3978\/revisions\/3980"}],"wp:attachment":[{"href":"https:\/\/pcf08.com\/index.php\/wp-json\/wp\/v2\/media?parent=3978"}],"wp:term":[{"taxonomy":"category","embeddable":true,"href":"https:\/\/pcf08.com\/index.php\/wp-json\/wp\/v2\/categories?post=3978"},{"taxonomy":"post_tag","embeddable":true,"href":"https:\/\/pcf08.com\/index.php\/wp-json\/wp\/v2\/tags?post=3978"}],"curies":[{"name":"wp","href":"https:\/\/api.w.org\/{rel}","templated":true}]}}