{"id":3975,"date":"2026-03-11T16:43:18","date_gmt":"2026-03-11T15:43:18","guid":{"rendered":"https:\/\/pcf08.com\/?p=3975"},"modified":"2026-03-11T16:43:18","modified_gmt":"2026-03-11T15:43:18","slug":"christine-caruzzi","status":"publish","type":"post","link":"https:\/\/pcf08.com\/index.php\/2026\/03\/11\/christine-caruzzi\/","title":{"rendered":"Christine CARUZZI"},"content":{"rendered":"<p align=\"justify\"><span style=\"font-size: medium;\"><img loading=\"lazy\" decoding=\"async\" class=\"size-medium wp-image-3976 alignleft\" src=\"https:\/\/pcf08.com\/wp-content\/uploads\/2026\/03\/Christine-283x300.jpg\" alt=\"\" width=\"283\" height=\"300\" srcset=\"https:\/\/pcf08.com\/wp-content\/uploads\/2026\/03\/Christine-283x300.jpg 283w, https:\/\/pcf08.com\/wp-content\/uploads\/2026\/03\/Christine-965x1024.jpg 965w, https:\/\/pcf08.com\/wp-content\/uploads\/2026\/03\/Christine-768x815.jpg 768w, https:\/\/pcf08.com\/wp-content\/uploads\/2026\/03\/Christine-1018x1080.jpg 1018w, https:\/\/pcf08.com\/wp-content\/uploads\/2026\/03\/Christine.jpg 1080w\" sizes=\"(max-width: 283px) 100vw, 283px\" \/>Native et r\u00e9sidente du quartier de Manchester, je suis retrait\u00e9e de la fonction publique hospitali\u00e8re, apr\u00e8s avoir \u00e9t\u00e9 responsable syndicale \u00e0 l\u2019h\u00f4pital, pendant plusieurs mandats.<\/span><\/p>\n<p align=\"justify\"><span style=\"font-size: medium;\">J\u2019aspire \u00e0 une vie meilleure par l\u2019am\u00e9lioration de l\u2019environnement, des services publics de qualit\u00e9, et une solidarit\u00e9 renforc\u00e9e.<\/span><\/p>\n<p align=\"justify\"><span style=\"font-size: medium;\">C\u2019est donc avec \u00ab ensemble, pour une autre ville \u00bb que nous pourrons y arriver, les 15 et 22 mars.<\/span><\/p>\n","protected":false},"excerpt":{"rendered":"<p>Native et r\u00e9sidente du quartier de Manchester, je suis retrait\u00e9e de la fonction publique hospitali\u00e8re, apr\u00e8s avoir \u00e9t\u00e9 responsable syndicale \u00e0 l\u2019h\u00f4pital, pendant plusieurs mandats. J\u2019aspire \u00e0 une vie meilleure par l\u2019am\u00e9lioration de l\u2019environnement, des services publics de qualit\u00e9, et une solidarit\u00e9 renforc\u00e9e. C\u2019est donc avec \u00ab ensemble, pour une autre ville \u00bb que nous [&hellip;]<\/p>\n","protected":false},"author":4,"featured_media":0,"comment_status":"closed","ping_status":"open","sticky":false,"template":"","format":"standard","meta":{"saved_in_kubio":false,"footnotes":""},"categories":[1],"tags":[],"class_list":["post-3975","post","type-post","status-publish","format-standard","hentry","category-non-classe"],"_links":{"self":[{"href":"https:\/\/pcf08.com\/index.php\/wp-json\/wp\/v2\/posts\/3975","targetHints":{"allow":["GET"]}}],"collection":[{"href":"https:\/\/pcf08.com\/index.php\/wp-json\/wp\/v2\/posts"}],"about":[{"href":"https:\/\/pcf08.com\/index.php\/wp-json\/wp\/v2\/types\/post"}],"author":[{"embeddable":true,"href":"https:\/\/pcf08.com\/index.php\/wp-json\/wp\/v2\/users\/4"}],"replies":[{"embeddable":true,"href":"https:\/\/pcf08.com\/index.php\/wp-json\/wp\/v2\/comments?post=3975"}],"version-history":[{"count":1,"href":"https:\/\/pcf08.com\/index.php\/wp-json\/wp\/v2\/posts\/3975\/revisions"}],"predecessor-version":[{"id":3977,"href":"https:\/\/pcf08.com\/index.php\/wp-json\/wp\/v2\/posts\/3975\/revisions\/3977"}],"wp:attachment":[{"href":"https:\/\/pcf08.com\/index.php\/wp-json\/wp\/v2\/media?parent=3975"}],"wp:term":[{"taxonomy":"category","embeddable":true,"href":"https:\/\/pcf08.com\/index.php\/wp-json\/wp\/v2\/categories?post=3975"},{"taxonomy":"post_tag","embeddable":true,"href":"https:\/\/pcf08.com\/index.php\/wp-json\/wp\/v2\/tags?post=3975"}],"curies":[{"name":"wp","href":"https:\/\/api.w.org\/{rel}","templated":true}]}}