{"id":3905,"date":"2026-02-19T10:11:35","date_gmt":"2026-02-19T09:11:35","guid":{"rendered":"https:\/\/pcf08.com\/?p=3905"},"modified":"2026-02-19T10:11:35","modified_gmt":"2026-02-19T09:11:35","slug":"les-municipales-au-coeur-des-preoccupations-des-citoyens-une-campagne-politique","status":"publish","type":"post","link":"https:\/\/pcf08.com\/index.php\/2026\/02\/19\/les-municipales-au-coeur-des-preoccupations-des-citoyens-une-campagne-politique\/","title":{"rendered":"Les municipales : au c\u0153ur des pr\u00e9occupations des citoyens, une campagne politique"},"content":{"rendered":"<p align=\"justify\"><span style=\"color: #222222;\"><span style=\"font-family: Calibri, sans-serif;\"><span style=\"font-size: medium;\"><img loading=\"lazy\" decoding=\"async\" class=\"size-medium wp-image-3906 alignleft\" src=\"https:\/\/pcf08.com\/wp-content\/uploads\/2026\/02\/edito-38-240x300.jpg\" alt=\"\" width=\"240\" height=\"300\" srcset=\"https:\/\/pcf08.com\/wp-content\/uploads\/2026\/02\/edito-38-240x300.jpg 240w, https:\/\/pcf08.com\/wp-content\/uploads\/2026\/02\/edito-38.jpg 512w\" sizes=\"(max-width: 240px) 100vw, 240px\" \/>Alors que l&rsquo;actualit\u00e9 politique nationale est irradi\u00e9e de violences sans commune mesure, la campagne des municipales bat son plein \u00e0 Charleville-M\u00e9zi\u00e8res avec les colistiers et militants de la liste d&rsquo;union de la gauche autour de Damien Lerouge. Le d\u00e9voilement du programme a permis de montrer notamment notre pr\u00e9occupation pour les moyens mis pour la petite enfance, l&rsquo;enfance et la jeunesse de notre ville.<\/span><\/span><\/span><\/p>\n<p align=\"justify\"><span style=\"color: #222222;\"><span style=\"font-family: Calibri, sans-serif;\"><span style=\"font-size: medium;\">Ils figurent au c\u0153ur de notre projet parce que leur place respect\u00e9e au sein de la cit\u00e9 est la condition sine qua non pour construire une soci\u00e9t\u00e9 apais\u00e9e, loin des violences meurtri\u00e8res.<\/span><\/span><\/span><\/p>\n<p align=\"justify\"><span style=\"color: #222222;\"><span style=\"font-family: Calibri, sans-serif;\"><span style=\"font-size: medium;\">Nous proposons donc le renforcement des services publics et l&rsquo;am\u00e9lioration de la formation des agents communaux et intercommunaux, la cr\u00e9ation de places en cr\u00e8ches familiales, l&rsquo;adaptation des b\u00e2timents scolaires et p\u00e9riscolaires aux changements, le valorisation des sites du Ch\u00e2teau des F\u00e9es et de Marie-Th\u00e9r\u00e8se Berger pour les temps de loisirs des mercredis et vacances scolaires, mais \u00e9galement pour leurs usages en temps scolaire, la construction d&rsquo;une cantine par \u00e9cole.<\/span><\/span><\/span><\/p>\n<p align=\"justify\"><span style=\"color: #222222;\"><span style=\"font-family: Calibri, sans-serif;\"><span style=\"font-size: medium;\">Ces projets sont dans la lign\u00e9e des propositions d\u00e9velopp\u00e9es nationalement par le PCF dans le cadre des municipales. Nous proposons \u00e9galement que le Maire accorde une place centrale \u00e0 la protection de l&rsquo;enfance.<\/span><\/span><\/span><\/p>\n<p align=\"justify\"><span style=\"color: #222222;\"><span style=\"font-family: Calibri, sans-serif;\"><span style=\"font-size: medium;\">Aujourd\u2019hui, trop d\u2019enfants et de familles restent seuls face aux difficult\u00e9s. La commune doit \u00eatre un point d\u2019appui, un lieu de protection, d\u2019\u00e9coute et d\u2019action.<\/span><\/span><\/span><\/p>\n<p align=\"justify\"><span style=\"color: #222222;\"><span style=\"font-family: Calibri, sans-serif;\"><span style=\"font-size: medium;\">Les communistes portent des ambitions :<\/span><\/span><\/span><\/p>\n<p align=\"justify\"><span style=\"color: #222222;\"><span style=\"font-family: Calibri, sans-serif;\"><span style=\"font-size: medium;\">renforcer la pr\u00e9vention, mieux rep\u00e9rer les situations de danger, accompagner les parents, prot\u00e9ger les enfants et leur donner toute leur place dans la vie de la commune. Cela passe par l&rsquo;application de toutes les mesures que nous avan\u00e7ons pour Charleville-M\u00e9zi\u00e8res avec Damien Lerouge.<\/span><\/span><\/span><\/p>\n<p align=\"justify\"><span style=\"color: #222222;\"><span style=\"font-family: Calibri, sans-serif;\"><span style=\"font-size: medium;\">Faire de la protection de l\u2019enfance une priorit\u00e9 municipale, c\u2019est agir concr\u00e8tement pour aujourd\u2019hui et pour demain.<\/span><\/span><\/span><\/p>\n<p align=\"left\"><span style=\"color: #222222;\"><span style=\"font-family: Calibri, sans-serif;\"><span style=\"font-size: medium;\">En 2026, faisons le choix de communes qui prot\u00e8gent, accompagnent et \u00e9mancipent.<\/span><\/span><\/span><\/p>\n<p align=\"right\"><span style=\"font-family: Calibri, sans-serif;\"><span style=\"color: #222222;\"><span style=\"font-size: medium;\">Ir\u00e8ne P<\/span><\/span><span style=\"color: #222222;\"><span style=\"font-size: medium;\">ERRIN <\/span><\/span><span style=\"color: #222222;\"><span style=\"font-size: medium;\">T<\/span><\/span><span style=\"color: #222222;\"><span style=\"font-size: medium;\">OININ<\/span><\/span><\/span><\/p>\n<p align=\"right\"><span style=\"font-family: Calibri, sans-serif;\">candidate en 2\u00e8me position liste d&rsquo;union de la gauche avec Damien Lerouge<\/span><\/p>\n<p align=\"right\"><span style=\"font-family: Calibri, sans-serif;\">Secr\u00e9taire de section PCF de Charleville-M\u00e9zi\u00e8res<\/span><\/p>\n","protected":false},"excerpt":{"rendered":"<p>Alors que l&rsquo;actualit\u00e9 politique nationale est irradi\u00e9e de violences sans commune mesure, la campagne des municipales bat son plein \u00e0 Charleville-M\u00e9zi\u00e8res avec les colistiers et militants de la liste d&rsquo;union de la gauche autour de Damien Lerouge. Le d\u00e9voilement du programme a permis de montrer notamment notre pr\u00e9occupation pour les moyens mis pour la petite [&hellip;]<\/p>\n","protected":false},"author":4,"featured_media":0,"comment_status":"closed","ping_status":"open","sticky":false,"template":"","format":"standard","meta":{"saved_in_kubio":false,"footnotes":""},"categories":[1],"tags":[],"class_list":["post-3905","post","type-post","status-publish","format-standard","hentry","category-non-classe"],"_links":{"self":[{"href":"https:\/\/pcf08.com\/index.php\/wp-json\/wp\/v2\/posts\/3905","targetHints":{"allow":["GET"]}}],"collection":[{"href":"https:\/\/pcf08.com\/index.php\/wp-json\/wp\/v2\/posts"}],"about":[{"href":"https:\/\/pcf08.com\/index.php\/wp-json\/wp\/v2\/types\/post"}],"author":[{"embeddable":true,"href":"https:\/\/pcf08.com\/index.php\/wp-json\/wp\/v2\/users\/4"}],"replies":[{"embeddable":true,"href":"https:\/\/pcf08.com\/index.php\/wp-json\/wp\/v2\/comments?post=3905"}],"version-history":[{"count":1,"href":"https:\/\/pcf08.com\/index.php\/wp-json\/wp\/v2\/posts\/3905\/revisions"}],"predecessor-version":[{"id":3907,"href":"https:\/\/pcf08.com\/index.php\/wp-json\/wp\/v2\/posts\/3905\/revisions\/3907"}],"wp:attachment":[{"href":"https:\/\/pcf08.com\/index.php\/wp-json\/wp\/v2\/media?parent=3905"}],"wp:term":[{"taxonomy":"category","embeddable":true,"href":"https:\/\/pcf08.com\/index.php\/wp-json\/wp\/v2\/categories?post=3905"},{"taxonomy":"post_tag","embeddable":true,"href":"https:\/\/pcf08.com\/index.php\/wp-json\/wp\/v2\/tags?post=3905"}],"curies":[{"name":"wp","href":"https:\/\/api.w.org\/{rel}","templated":true}]}}