{"id":3901,"date":"2026-02-12T12:58:17","date_gmt":"2026-02-12T11:58:17","guid":{"rendered":"https:\/\/pcf08.com\/?p=3901"},"modified":"2026-02-12T12:58:17","modified_gmt":"2026-02-12T11:58:17","slug":"pour-une-education-primaire-progressiste-laique-et-gratuite","status":"publish","type":"post","link":"https:\/\/pcf08.com\/index.php\/2026\/02\/12\/pour-une-education-primaire-progressiste-laique-et-gratuite\/","title":{"rendered":"Pour une \u00e9ducation primaire progressiste, la\u00efque et gratuite"},"content":{"rendered":"<p align=\"justify\"><span style=\"font-family: Calibri, sans-serif;\"><img loading=\"lazy\" decoding=\"async\" class=\"size-medium wp-image-3902 alignleft\" src=\"https:\/\/pcf08.com\/wp-content\/uploads\/2026\/02\/ecole-5-300x206.jpg\" alt=\"\" width=\"300\" height=\"206\" srcset=\"https:\/\/pcf08.com\/wp-content\/uploads\/2026\/02\/ecole-5-300x206.jpg 300w, https:\/\/pcf08.com\/wp-content\/uploads\/2026\/02\/ecole-5-768x526.jpg 768w, https:\/\/pcf08.com\/wp-content\/uploads\/2026\/02\/ecole-5.jpg 940w\" sizes=\"(max-width: 300px) 100vw, 300px\" \/>Pour les communistes, les enjeux du service public d\u2019\u00e9ducation sont ceux de la d\u00e9mocratisation de l\u2019acc\u00e8s aux savoirs, et des conditions n\u00e9cessaires \u00e0 l\u2019\u00e9mancipation sociale et culturelle des citoyennes et citoyens. Pour cela, un investissement majeur doit \u00eatre consacr\u00e9 par l\u2019\u00c9tat au service public d\u2019\u00c9ducation nationale. Une augmentation de la dur\u00e9e du temps d\u2019enseignement et de formation des enseignants \u00e0 des pratiques permettant un acc\u00e8s \u00e9mancipateur et \u00e9galitaire aux savoirs, notamment concernant l\u2019\u00e9galit\u00e9 filles\/gar\u00e7ons sont ainsi des \u00e9l\u00e9ments primordiaux, permettant de garantir une \u00e9ducation \u00e9galitaire et accessible \u00e0 tous.<\/span><\/p>\n<p align=\"justify\"><span style=\"font-family: Calibri, sans-serif;\">Si l\u2019enseignement est de la comp\u00e9tence de l\u2019\u00e9tat, les communes ont une comp\u00e9tence particuli\u00e8re vis \u00e0 vis des \u00e9coles primaires.<\/span><\/p>\n<p align=\"justify\"><span style=\"font-family: Calibri, sans-serif;\">Le PCF propose entre autre de :<\/span><\/p>\n<p align=\"justify\"><span style=\"font-family: Calibri, sans-serif;\">&#8211; mettre fin au financement des \u00e9coles priv\u00e9es au-del\u00e0 des obligations l\u00e9gales, et lutter au niveau national pour que les financements publics soient r\u00e9serv\u00e9s \u00e0 l\u2019\u00c9cole publique.<\/span><\/p>\n<p align=\"justify\"><span style=\"font-family: Calibri, sans-serif;\">&#8211; soutenir une politique de r\u00e9novation et de d\u00e9veloppement des locaux scolaires avec par exemple des cours de r\u00e9cr\u00e9ation inclusives et adapt\u00e9es face au r\u00e9chauffement climatique.<\/span><\/p>\n<p align=\"justify\"><span style=\"font-family: Calibri, sans-serif;\">Les activit\u00e9s dites p\u00e9riscolaires doivent \u00eatre d\u00e9velopp\u00e9es dans les perspectives de l\u2019\u00e9ducation populaire et non comme des moyens de substitution aux manquements de la politique \u00e9ducative nationale. Elles permettent de d\u00e9velopper les pratiques sociales, sportives et culturelles, offrent un cadre favorable \u00e0 l\u2019\u00e9ducation \u00e0 l\u2019esprit critique, \u00e0 l\u2019initiative solidaire, au projet collectif \u2026 Les partenariats engag\u00e9s pour mettre en \u0153uvre cette \u00e9ducation populaire doivent \u00eatre attentifs \u00e0 ne pas servir les volont\u00e9s de marchandisation de l\u2019\u00e9ducation. Cela suppose des animateurs bien form\u00e9s\u00a0!<\/span><\/p>\n","protected":false},"excerpt":{"rendered":"<p>Pour les communistes, les enjeux du service public d\u2019\u00e9ducation sont ceux de la d\u00e9mocratisation de l\u2019acc\u00e8s aux savoirs, et des conditions n\u00e9cessaires \u00e0 l\u2019\u00e9mancipation sociale et culturelle des citoyennes et citoyens. Pour cela, un investissement majeur doit \u00eatre consacr\u00e9 par l\u2019\u00c9tat au service public d\u2019\u00c9ducation nationale. Une augmentation de la dur\u00e9e du temps d\u2019enseignement et [&hellip;]<\/p>\n","protected":false},"author":4,"featured_media":0,"comment_status":"closed","ping_status":"open","sticky":false,"template":"","format":"standard","meta":{"saved_in_kubio":false,"footnotes":""},"categories":[1],"tags":[],"class_list":["post-3901","post","type-post","status-publish","format-standard","hentry","category-non-classe"],"_links":{"self":[{"href":"https:\/\/pcf08.com\/index.php\/wp-json\/wp\/v2\/posts\/3901","targetHints":{"allow":["GET"]}}],"collection":[{"href":"https:\/\/pcf08.com\/index.php\/wp-json\/wp\/v2\/posts"}],"about":[{"href":"https:\/\/pcf08.com\/index.php\/wp-json\/wp\/v2\/types\/post"}],"author":[{"embeddable":true,"href":"https:\/\/pcf08.com\/index.php\/wp-json\/wp\/v2\/users\/4"}],"replies":[{"embeddable":true,"href":"https:\/\/pcf08.com\/index.php\/wp-json\/wp\/v2\/comments?post=3901"}],"version-history":[{"count":1,"href":"https:\/\/pcf08.com\/index.php\/wp-json\/wp\/v2\/posts\/3901\/revisions"}],"predecessor-version":[{"id":3903,"href":"https:\/\/pcf08.com\/index.php\/wp-json\/wp\/v2\/posts\/3901\/revisions\/3903"}],"wp:attachment":[{"href":"https:\/\/pcf08.com\/index.php\/wp-json\/wp\/v2\/media?parent=3901"}],"wp:term":[{"taxonomy":"category","embeddable":true,"href":"https:\/\/pcf08.com\/index.php\/wp-json\/wp\/v2\/categories?post=3901"},{"taxonomy":"post_tag","embeddable":true,"href":"https:\/\/pcf08.com\/index.php\/wp-json\/wp\/v2\/tags?post=3901"}],"curies":[{"name":"wp","href":"https:\/\/api.w.org\/{rel}","templated":true}]}}