{"id":3898,"date":"2026-02-12T12:57:09","date_gmt":"2026-02-12T11:57:09","guid":{"rendered":"https:\/\/pcf08.com\/?p=3898"},"modified":"2026-02-12T12:57:09","modified_gmt":"2026-02-12T11:57:09","slug":"pour-une-politique-municipale-inclusive-qui-garantisse-legalite-de-tous","status":"publish","type":"post","link":"https:\/\/pcf08.com\/index.php\/2026\/02\/12\/pour-une-politique-municipale-inclusive-qui-garantisse-legalite-de-tous\/","title":{"rendered":"Pour une politique municipale inclusive, qui garantisse l\u2019\u00e9galit\u00e9 de tous"},"content":{"rendered":"<p align=\"justify\"><span style=\"font-family: Calibri, sans-serif;\"><img loading=\"lazy\" decoding=\"async\" class=\"size-medium wp-image-3899 alignleft\" src=\"https:\/\/pcf08.com\/wp-content\/uploads\/2026\/02\/handicap-2-300x169.jpg\" alt=\"\" width=\"300\" height=\"169\" srcset=\"https:\/\/pcf08.com\/wp-content\/uploads\/2026\/02\/handicap-2-300x169.jpg 300w, https:\/\/pcf08.com\/wp-content\/uploads\/2026\/02\/handicap-2.jpg 340w\" sizes=\"(max-width: 300px) 100vw, 300px\" \/>Les communes, comme lieu de vie citoyen de \u00ab premier niveau \u00bb sont aux fondements du vivre-ensemble et de la vie en commun. Garantir que tous soient inclus et pris en compte lors de l\u2019\u00e9laboration des politiques publiques sans discriminations est essentiel.<\/span><\/p>\n<p align=\"justify\"><span style=\"font-family: Calibri, sans-serif;\">Pour lutter contre l\u2019exclusion des personnes en situation de handicap, il faut par exemple former les agents communaux \u00e0 leur accueil, ouvrir les conseils de quartier \u00e0 leur pleine participation, cr\u00e9er un m\u00e9diateur municipal de l\u2019accessibilit\u00e9 \u2026<\/span><\/p>\n<p align=\"justify\"><span style=\"font-family: Calibri, sans-serif;\">Contre les discriminations LGBTQI+ il faut cr\u00e9er des liens avec les associations locales, faciliter l\u2019organisation d\u2019\u00e9v\u00e9nements inclusifs comme le mois des fiert\u00e9s, l\u00e0 aussi former les employ\u00e9s communaux\u2026<\/span><\/p>\n<p align=\"justify\"><span style=\"font-family: Calibri, sans-serif;\">C\u2019est aussi le soutien aux acteurs locaux de la lutte contre le racisme, l\u2019antis\u00e9mitisme, la x\u00e9nophobie et les discriminations.<\/span><\/p>\n","protected":false},"excerpt":{"rendered":"<p>Les communes, comme lieu de vie citoyen de \u00ab premier niveau \u00bb sont aux fondements du vivre-ensemble et de la vie en commun. Garantir que tous soient inclus et pris en compte lors de l\u2019\u00e9laboration des politiques publiques sans discriminations est essentiel. Pour lutter contre l\u2019exclusion des personnes en situation de handicap, il faut par [&hellip;]<\/p>\n","protected":false},"author":4,"featured_media":0,"comment_status":"closed","ping_status":"open","sticky":false,"template":"","format":"standard","meta":{"saved_in_kubio":false,"footnotes":""},"categories":[1],"tags":[],"class_list":["post-3898","post","type-post","status-publish","format-standard","hentry","category-non-classe"],"_links":{"self":[{"href":"https:\/\/pcf08.com\/index.php\/wp-json\/wp\/v2\/posts\/3898","targetHints":{"allow":["GET"]}}],"collection":[{"href":"https:\/\/pcf08.com\/index.php\/wp-json\/wp\/v2\/posts"}],"about":[{"href":"https:\/\/pcf08.com\/index.php\/wp-json\/wp\/v2\/types\/post"}],"author":[{"embeddable":true,"href":"https:\/\/pcf08.com\/index.php\/wp-json\/wp\/v2\/users\/4"}],"replies":[{"embeddable":true,"href":"https:\/\/pcf08.com\/index.php\/wp-json\/wp\/v2\/comments?post=3898"}],"version-history":[{"count":1,"href":"https:\/\/pcf08.com\/index.php\/wp-json\/wp\/v2\/posts\/3898\/revisions"}],"predecessor-version":[{"id":3900,"href":"https:\/\/pcf08.com\/index.php\/wp-json\/wp\/v2\/posts\/3898\/revisions\/3900"}],"wp:attachment":[{"href":"https:\/\/pcf08.com\/index.php\/wp-json\/wp\/v2\/media?parent=3898"}],"wp:term":[{"taxonomy":"category","embeddable":true,"href":"https:\/\/pcf08.com\/index.php\/wp-json\/wp\/v2\/categories?post=3898"},{"taxonomy":"post_tag","embeddable":true,"href":"https:\/\/pcf08.com\/index.php\/wp-json\/wp\/v2\/tags?post=3898"}],"curies":[{"name":"wp","href":"https:\/\/api.w.org\/{rel}","templated":true}]}}